{"id":5069,"date":"2021-06-02T12:47:23","date_gmt":"2021-06-02T10:47:23","guid":{"rendered":"https:\/\/barnatango.com\/?p=5069"},"modified":"2025-07-23T17:31:31","modified_gmt":"2025-07-23T15:31:31","slug":"clases-tango-verano","status":"publish","type":"post","link":"https:\/\/barnatango.com\/ca\/clases-tango-verano\/","title":{"rendered":"Clases de verano 2025"},"content":{"rendered":"<div class=\"vc_row wpb_row vc_row-fluid\"><div class=\"wpb_column vc_column_container vc_col-sm-6\"><div class=\"vc_column-inner\"><div class=\"wpb_wrapper\"><div class=\"vc_btn3-container vc_btn3-center\" ><a class=\"vc_general vc_btn3 vc_btn3-size-lg vc_btn3-shape-rounded vc_btn3-style-flat vc_btn3-block vc_btn3-icon-left vc_btn3-color-green\" href=\"https:\/\/api.whatsapp.com\/send?phone=34635803375\" title=\"Contacte\"><i class=\"vc_btn3-icon fab fa-whatsapp\"><\/i> Contacte<\/a><\/div><\/div><\/div><\/div><div class=\"wpb_column vc_column_container vc_col-sm-6\"><div class=\"vc_column-inner\"><div class=\"wpb_wrapper\"><div class=\"vc_btn3-container vc_btn3-center\" ><a class=\"vc_general vc_btn3 vc_btn3-size-lg vc_btn3-shape-rounded vc_btn3-style-flat vc_btn3-block vc_btn3-icon-left vc_btn3-color-inverse\" href=\"tel:635803375\" title=\"Trucar\"><i class=\"vc_btn3-icon fas fa-phone-alt\"><\/i> Trucar<\/a><\/div><\/div><\/div><\/div><\/div><div class=\"vc_row wpb_row vc_row-fluid vc_row-o-content-middle vc_row-flex\"><div class=\"wpb_column vc_column_container vc_col-sm-12\"><div class=\"vc_column-inner\"><div class=\"wpb_wrapper\">\r\n\t<div class=\"wpb_text_column wpb_content_element\" >\r\n\t\t<div class=\"wpb_wrapper\">\r\n\t\t\t<p>Como cada a\u00f1o, adaptamos nuestra oferta de clases de tango a las condiciones veraniegas, para que pod\u00e1is disfrutar de vuestro tiempo libre incluyendo el tango en vuestras actividades. Este a\u00f1o seguiremos con clases de 1,15h, tem\u00e1ticas . En principio programaremos el mes de julio y Septiembre , Agosto\u00a0 quedar\u00e1 en espera de ver cu\u00e1ntos interesados hay por continuar,\u00a0 y ya en octubre 2025 retomaremos los cursos trimestrales.<\/p>\n<h4 class=\"p3\"><b>\u00a0<strong><a href=\"https:\/\/barnatango.com\/ca\/puertas-abiertas\/\">Clase de prueba nivel 0 jueves 26 de Junio \u00a0<\/a>\u00a0Informate antes<\/strong><\/b><\/h4>\n\r\n\t\t<\/div>\r\n\t<\/div>\r\n<\/div><\/div><\/div><\/div><div class=\"vc_row wpb_row vc_row-fluid\"><div class=\"wpb_column vc_column_container vc_col-sm-12\"><div class=\"vc_column-inner\"><div class=\"wpb_wrapper\"><\/div><\/div><\/div><\/div><div class=\"vc_row wpb_row vc_row-fluid\"><div class=\"wpb_column vc_column_container vc_col-sm-6\"><div class=\"vc_column-inner\"><div class=\"wpb_wrapper\"><\/div><\/div><\/div><div class=\"wpb_column vc_column_container vc_col-sm-6\"><div class=\"vc_column-inner\"><div class=\"wpb_wrapper\"><\/div><\/div><\/div><\/div><div class=\"vc_row wpb_row vc_row-fluid\"><div class=\"wpb_column vc_column_container vc_col-sm-12\"><div class=\"vc_column-inner\"><div class=\"wpb_wrapper\">\r\n\t<div class=\"wpb_text_column wpb_content_element\" >\r\n\t\t<div class=\"wpb_wrapper\">\r\n\t\t\t<h2 class=\"p3\"><b>Verano 2025\u00a0<\/b><\/h2>\n<h2>juliol<\/h2>\n<h3><strong>Nivel O<\/strong><\/h3>\n<div class=\"wpb_text_column wpb_content_element\">\n<div class=\"wpb_wrapper\">\n<p class=\"p1\" style=\"text-align: left;\"><span class=\"s1\"><img loading=\"lazy\" decoding=\"async\" class=\"alignnone wp-image-7175\" src=\"http:\/\/barnatango.com\/wp-content\/uploads\/2021\/06\/nivel0-julio-1-300x185.jpg\" alt=\"\" width=\"384\" height=\"237\" srcset=\"https:\/\/barnatango.com\/wp-content\/uploads\/2021\/06\/nivel0-julio-1-300x185.jpg 300w, https:\/\/barnatango.com\/wp-content\/uploads\/2021\/06\/nivel0-julio-1-650x400.jpg 650w, https:\/\/barnatango.com\/wp-content\/uploads\/2021\/06\/nivel0-julio-1-768x473.jpg 768w, https:\/\/barnatango.com\/wp-content\/uploads\/2021\/06\/nivel0-julio-1-18x12.jpg 18w, https:\/\/barnatango.com\/wp-content\/uploads\/2021\/06\/nivel0-julio-1-600x369.jpg 600w, https:\/\/barnatango.com\/wp-content\/uploads\/2021\/06\/nivel0-julio-1.jpg 1300w\" sizes=\"(max-width: 384px) 100vw, 384px\" \/><\/span><\/p>\n<p class=\"p1\" style=\"text-align: left;\"><span class=\"s1\">Al juliol tindrem diversos horaris de Nivell 0, <strong>lunes\u00a0 20.15 a 21.45, mi\u00e9rcoles 20.30 a 21.45h\u00a0 y jueves de 20 a 21.30h,<\/strong> donde de forma amena y relajada te invitaremos a conocer los principios b\u00e1sicos del tango, te motivaremos para que los pongas en pr\u00e1ctica y te hablaremos de algunas de las particularidades que debes conocer para empezar a bailar este fascinante, apasionado y sensual baile. Valoraremos la continuaci\u00f3n\u00a0 en Agosto y Septiembre , dependiendo de la cantidad de interesados y con seguridad continuaremos con clases regulares a partir de <strong>Octubre 2025<\/strong><\/span><\/p>\n<\/div>\n<\/div>\n<div class=\"wpb_text_column wpb_content_element\">\n<div class=\"wpb_wrapper\">\n<div id=\"gtx-trans\">\n<div class=\"gtx-trans-icon\">Els qui us guiaran en aquest emocionant recorregut seran els ballarins i professors <a href=\"https:\/\/barnatango.com\/ca\/sobre-nosotros\/profesores-tango-en-barcelona\/\" data-mil=\"1814\"><strong>\u00a0Jekaterina y Carlos Baruque\u00a0\u00a0<\/strong><\/a><\/div>\n<\/div>\n<\/div>\n<\/div>\n<div class=\"wpb_text_column wpb_content_element\">\n<div class=\"wpb_wrapper\">\n<p class=\"p1\"><span class=\"s1\">Aprendr\u00e0s, el pas b\u00e0sic, els fonaments de l&#039;abra\u00e7ada, vuits i pivots i alguna figura senzilla.<\/span><\/p>\n<p><strong>Lunes 20:15h a 20:45h , del\u00a0 7 al 4 de Agosto 5 clases<\/strong><\/p>\n<\/div>\n<\/div>\n<p><strong>Miercoles 20.30 a 22.00h\u00a0 del 3 al 21 de Julio 5 clases<\/strong><\/p>\n<p><strong>Jueves 20:00h a 21:30h,\u00a0 del 3 de Julio al 31 de Julio 5 clases\u00a0<\/strong><\/p>\n<p>1 dia a la semana Precio 75\u20ac, por pareja 125\u20ac<\/p>\n<p>2 dias a la semana Precio 130\u20ac, por pareja 250\u20ac<\/p>\n<p>* las clases perdidas se pueden recuperar<\/p>\n<p>&nbsp;<\/p>\n<h4><strong><a href=\"https:\/\/barnatango.com\/ca\/puertas-abiertas\/\">Clase de prueba jueves 26 de Junio \u00a0<\/a>\u00a0Informate antes<\/strong><\/h4>\n<p>&nbsp;<\/p>\n<h2>Otros intensivos y cursos de Verano de tango del 2025<\/h2>\n<p><b><img loading=\"lazy\" decoding=\"async\" class=\"alignnone wp-image-7176\" src=\"http:\/\/barnatango.com\/wp-content\/uploads\/2021\/06\/milongavalsjulio25-300x185.jpg\" alt=\"\" width=\"392\" height=\"242\" srcset=\"https:\/\/barnatango.com\/wp-content\/uploads\/2021\/06\/milongavalsjulio25-300x185.jpg 300w, https:\/\/barnatango.com\/wp-content\/uploads\/2021\/06\/milongavalsjulio25-650x400.jpg 650w, https:\/\/barnatango.com\/wp-content\/uploads\/2021\/06\/milongavalsjulio25-768x473.jpg 768w, https:\/\/barnatango.com\/wp-content\/uploads\/2021\/06\/milongavalsjulio25-18x12.jpg 18w, https:\/\/barnatango.com\/wp-content\/uploads\/2021\/06\/milongavalsjulio25-600x369.jpg 600w, https:\/\/barnatango.com\/wp-content\/uploads\/2021\/06\/milongavalsjulio25.jpg 1300w\" sizes=\"(max-width: 392px) 100vw, 392px\" \/><\/b><\/p>\n<p><b>la milonga<\/b> \u00e9s la base de l&#039;tango, tot i que vam comen\u00e7ar a estudiar-la i practicar-la una vegada que tenim els fonaments de l&#039;tango, ja que el seu ritme \u00e9s m\u00e9s r\u00e0pid que el tango. Desimboltura, irrever\u00e8ncia i mordacitat, s\u00f3n les caracter\u00edstiques generals de les seves lletres, sempre cantades en el m\u00e9s genu\u00ed <i>lunfardo<\/i>. A nivell de ball, m\u00e9s a terra, m\u00e9s en eix, m\u00e9s r\u00e0pida, i una abra\u00e7ada m\u00e9s lleuger.<span class=\"Apple-converted-space\">\u00a0 <\/span>Sempre diem que no acabes de ballar completament el tango, fins que no aprens a ballar milonga.<\/p>\n<p class=\"p1\"><strong>El Vals creuat o Vals crioll<\/strong>, \u00e9s tango interpretat i ballat a ritme de vals 3\u00d74, quant a les seves lletres i sonoritat \u00e9s m\u00e9s rom\u00e0ntic que el tango. Les caracter\u00edstiques del seu ball s\u00f3n els encadenaments, els girs i l&#039;abs\u00e8ncia de pauses, principalment. Es diu que quan el tango va viatjar a Europa per primera vegada, va ser el vals el que va influenciar la forma de l&#039;abra\u00e7ada del tango actual, tamb\u00e9 va aportar la circulaci\u00f3 a la pista.<\/p>\n<p><img loading=\"lazy\" decoding=\"async\" class=\"alignnone wp-image-7177\" src=\"http:\/\/barnatango.com\/wp-content\/uploads\/2021\/06\/orquestasjulio25-300x185.jpg\" alt=\"\" width=\"414\" height=\"255\" srcset=\"https:\/\/barnatango.com\/wp-content\/uploads\/2021\/06\/orquestasjulio25-300x185.jpg 300w, https:\/\/barnatango.com\/wp-content\/uploads\/2021\/06\/orquestasjulio25-650x400.jpg 650w, https:\/\/barnatango.com\/wp-content\/uploads\/2021\/06\/orquestasjulio25-768x473.jpg 768w, https:\/\/barnatango.com\/wp-content\/uploads\/2021\/06\/orquestasjulio25-18x12.jpg 18w, https:\/\/barnatango.com\/wp-content\/uploads\/2021\/06\/orquestasjulio25-600x369.jpg 600w, https:\/\/barnatango.com\/wp-content\/uploads\/2021\/06\/orquestasjulio25.jpg 1300w\" sizes=\"(max-width: 414px) 100vw, 414px\" \/><\/p>\n<p><b>orquestres, <\/b><strong>Al juliol <\/strong>\u00a0proposarem un treball de coneixement, an\u00e0lisi i interpretaci\u00f3<span class=\"Apple-converted-space\">\u00a0 <\/span>d&#039;algunes de les m\u00e9s importants orquestres de tango<i>, <\/i>facilitarem eines per a la comprensi\u00f3 de les m\u00fasiques, analitzant-se de manera amena, senzilla i divertida, per aconseguir per part de l&#039;alumne una bona interpretaci\u00f3 que ajudi a gaudir de l&#039;tango ballat.<\/p>\n<p><strong><img loading=\"lazy\" decoding=\"async\" class=\"alignnone wp-image-7178\" src=\"http:\/\/barnatango.com\/wp-content\/uploads\/2021\/06\/Circular-en-la-pista-300x185.jpg\" alt=\"\" width=\"428\" height=\"264\" srcset=\"https:\/\/barnatango.com\/wp-content\/uploads\/2021\/06\/Circular-en-la-pista-300x185.jpg 300w, https:\/\/barnatango.com\/wp-content\/uploads\/2021\/06\/Circular-en-la-pista-650x400.jpg 650w, https:\/\/barnatango.com\/wp-content\/uploads\/2021\/06\/Circular-en-la-pista-768x473.jpg 768w, https:\/\/barnatango.com\/wp-content\/uploads\/2021\/06\/Circular-en-la-pista-18x12.jpg 18w, https:\/\/barnatango.com\/wp-content\/uploads\/2021\/06\/Circular-en-la-pista-600x369.jpg 600w, https:\/\/barnatango.com\/wp-content\/uploads\/2021\/06\/Circular-en-la-pista.jpg 1300w\" sizes=\"(max-width: 428px) 100vw, 428px\" \/><\/strong><\/p>\n<p><strong>Circular en la pista, <\/strong><em>Bailen todos, compa\u00f1eros, porque el baile es un abrazo: Bailen todos, compa\u00f1eros, que este tango lleva el paso<\/em>. En estos versos del tango <em>Pa\u00b4que<\/em> bailen los muchachos del gran compositor <em>Enrique Cadicamo, <\/em>se resume la esencia del tango social, no solo bailas con tu pareja, bailas con toda la pista, lograr entender y sentir esto es un disfrute supremo. Nosotros lo fomentamos ya en las <a href=\"https:\/\/barnatango.com\/ca\/proximo-trimestre-invierno-2022\/\">clases regulares<\/a>, tambi\u00e9n en nuestras <a href=\"https:\/\/barnatango.com\/ca\/olvidas-lo-que-aprendes-en-clase\/\">pr\u00e1cticas<\/a>, en nuestras <a href=\"https:\/\/barnatango.com\/ca\/milonga-todos-los-viernes\/\">milongas<\/a> y vamos a profundizar y divertirnos en estos cursos de verano<\/p>\n<p><strong><img loading=\"lazy\" decoding=\"async\" class=\"alignnone wp-image-7179\" src=\"http:\/\/barnatango.com\/wp-content\/uploads\/2021\/06\/fraseomartesjulio25-300x185.jpg\" alt=\"\" width=\"436\" height=\"269\" srcset=\"https:\/\/barnatango.com\/wp-content\/uploads\/2021\/06\/fraseomartesjulio25-300x185.jpg 300w, https:\/\/barnatango.com\/wp-content\/uploads\/2021\/06\/fraseomartesjulio25-650x400.jpg 650w, https:\/\/barnatango.com\/wp-content\/uploads\/2021\/06\/fraseomartesjulio25-768x473.jpg 768w, https:\/\/barnatango.com\/wp-content\/uploads\/2021\/06\/fraseomartesjulio25-18x12.jpg 18w, https:\/\/barnatango.com\/wp-content\/uploads\/2021\/06\/fraseomartesjulio25-600x369.jpg 600w, https:\/\/barnatango.com\/wp-content\/uploads\/2021\/06\/fraseomartesjulio25.jpg 1300w\" sizes=\"(max-width: 436px) 100vw, 436px\" \/><\/strong><\/p>\n<p><strong>Interpretaci\u00f3n, fraseo y musicalidad<\/strong>, \u00a1qu\u00e9 maravilla es el tango!, que cantidad de opciones tenemos para interpretar su gran variedad de colores, texturas y tonos musicales. En estos cursos te vamos a ayudar a profundizar en tu escucha del tango, c\u00f3mo interpretarla de modo personal, e invitando a tu partenaire que lo comparta contigo<\/p>\n<h2><\/h2>\n<h1 style=\"text-align: left;\"><strong>Del 7 Julio, al 4 de agosto<\/strong><\/h1>\n<h2 class=\"p1\"><b>Milonga i Vals nivell 1<span class=\"Apple-converted-space\"> (N1 i 2)<\/span><\/b><\/h2>\n<p class=\"p1\">lunes de 19,00h a 20.15h, 5<strong> clases con Olga , 60\u20ac x persona\u00a0<\/strong><\/p>\n<p>&nbsp;<\/p>\n<h2 class=\"p2\"><b>Nivell 1-2 Circular a la pista\u00a0<\/b><\/h2>\n<p class=\"p2\">Martes de 19 a 21,30h 5 <strong>clases con Carlos<\/strong>, 6<strong>0\u20ac x persona<\/strong><\/p>\n<p>Viernes de 20.30h a 21,45h 5<strong> clases con Olga<\/strong>, 6<strong>0\u20ac x persona<\/strong><\/p>\n<p>&nbsp;<\/p>\n<h2 class=\"p1\"><b>Orquestres i musicalitat<\/b><\/h2>\n<p class=\"p1\"><b>Bailar las orquestas Nivel medio (2-3 de tango)<\/b><\/p>\n<p class=\"p1\">Miercoles de\u00a0 19.15 a 20.30, 5<strong>\u00a0clases con Carlos y Olga<\/strong>, <strong>60\u20ac x persona<\/strong><\/p>\n<p>&nbsp;<\/p>\n<h2><strong>Interpretaci\u00f3n fraseo y musicalidad\u00a0<\/strong><\/h2>\n<p>Martes de\u00a0 20.15 a 21.45, 5<strong>\u00a0clases con Carlos y Olga<\/strong>, <strong>60\u20ac x persona<\/strong><\/p>\n<h2><\/h2>\n<h2><strong>Continuaci\u00f3n Nivel 1<\/strong><\/h2>\n<p>Mi\u00e9rcoles 18h a 19,15h, 5 <strong>clases con Olga , 60\u20ac por persona\u00a0<\/strong><\/p>\n<p>10% descuento dos cursos<\/p>\n<p>25%\u00a0 descuento tres cursos<\/p>\n<p>&nbsp;<\/p>\n<div class=\"wpb_text_column wpb_content_element\">\n<div class=\"wpb_wrapper\"><\/div>\n<\/div>\n<p><img loading=\"lazy\" decoding=\"async\" class=\"wp-image-7201 aligncenter\" src=\"http:\/\/barnatango.com\/wp-content\/uploads\/2021\/06\/Horarios-JULIO-2025-2-300x212.jpg\" alt=\"\" width=\"620\" height=\"438\" srcset=\"https:\/\/barnatango.com\/wp-content\/uploads\/2021\/06\/Horarios-JULIO-2025-2-300x212.jpg 300w, https:\/\/barnatango.com\/wp-content\/uploads\/2021\/06\/Horarios-JULIO-2025-2-566x400.jpg 566w, https:\/\/barnatango.com\/wp-content\/uploads\/2021\/06\/Horarios-JULIO-2025-2-768x543.jpg 768w, https:\/\/barnatango.com\/wp-content\/uploads\/2021\/06\/Horarios-JULIO-2025-2-1536x1086.jpg 1536w, https:\/\/barnatango.com\/wp-content\/uploads\/2021\/06\/Horarios-JULIO-2025-2-2048x1448.jpg 2048w, https:\/\/barnatango.com\/wp-content\/uploads\/2021\/06\/Horarios-JULIO-2025-2-18x12.jpg 18w, https:\/\/barnatango.com\/wp-content\/uploads\/2021\/06\/Horarios-JULIO-2025-2-600x424.jpg 600w\" sizes=\"(max-width: 620px) 100vw, 620px\" \/><\/p>\n<p class=\"p3\"><strong>CONDICIONS\u00a0<\/strong><\/p>\n<ul class=\"ul1\">\n<li class=\"li3\">No cal pagar matr\u00edcula. El pagament s&#039;efectuar\u00e0 el primer dia de classe.<\/li>\n<li class=\"li3\">Pots recuperar les classes perdudes, en qualsevol horari del teu nivell o inferior<span class=\"Apple-converted-space\">\u00a0<\/span><\/li>\n<li class=\"li3\">Para poder coordinar el balanceo de las clases y recuperar las mismas, es obligatorio comunicar las faltas de asistencia con antelaci\u00f3n m\u00ednima de 4 horas por WhatsApp, al<span class=\"Apple-converted-space\">\u00a0 <\/span>635 80 33 75<\/li>\n<li style=\"font-weight: 400;\" aria-level=\"1\"><span style=\"font-weight: 400;\">Aportaci\u00f3n alumno milonga \u2013 pr\u00e1ctica de los viernes 5\u20ac (Socios)<\/span><\/li>\n<li style=\"font-weight: 400;\" aria-level=\"1\"><span style=\"font-weight: 400;\">Pots incorporar-te un cop comen\u00e7at el curs, pr\u00e8via consulta, e-mail <a href=\"mailto:contacto@barnatango.com\">contacto@barnatango.com<\/a> o truca a l&#039;635803375 i t&#039;assessorarem.\u00a0<\/span><\/li>\n<li style=\"font-weight: 400;\" aria-level=\"1\"><a href=\"https:\/\/barnatango.com\/ca\/sobre-nosotros\/normas-condiciones\/\"><span style=\"font-weight: 400;\">Normes i condicions de l&#039;escola\u00a0<\/span><\/a><\/li>\n<li>Durant l&#039;estiu despr\u00e9s de la jornada de portes obertes no hi haur\u00e0 classes de prova, per\u00f2 pots venir sempre que vulguis veure una classe, l&#039;escola i la nostra feina<\/li>\n<\/ul>\n<h2><strong>Agosto 2025<\/strong><\/h2>\n<p>Nivel medio N 1-2\u00a0 Mi\u00e9rcoles de 19.30 a 20.45H<\/p>\n<p>Nivel medio N 2 Jueves 20.00 a 21.15H<\/p>\n<p>50\u20ac por curso<\/p>\n<h2><strong>Septiembre 2025<\/strong><\/h2>\n<p><strong><img loading=\"lazy\" decoding=\"async\" class=\"alignnone size-medium wp-image-7210\" src=\"http:\/\/barnatango.com\/wp-content\/uploads\/2021\/06\/adornos-set25-300x185.jpg\" alt=\"\" width=\"300\" height=\"185\" srcset=\"https:\/\/barnatango.com\/wp-content\/uploads\/2021\/06\/adornos-set25-300x185.jpg 300w, https:\/\/barnatango.com\/wp-content\/uploads\/2021\/06\/adornos-set25-650x400.jpg 650w, https:\/\/barnatango.com\/wp-content\/uploads\/2021\/06\/adornos-set25-768x473.jpg 768w, https:\/\/barnatango.com\/wp-content\/uploads\/2021\/06\/adornos-set25-18x12.jpg 18w, https:\/\/barnatango.com\/wp-content\/uploads\/2021\/06\/adornos-set25-600x369.jpg 600w, https:\/\/barnatango.com\/wp-content\/uploads\/2021\/06\/adornos-set25.jpg 1300w\" sizes=\"(max-width: 300px) 100vw, 300px\" \/><\/strong><\/p>\n<p><strong>Adornos y T\u00e9cnica Femenina,<\/strong> Trabajaremos a partir de la conciencia corporal adornos para enriquecer nuestro baile, desde adornos para paradas, adornos en la caminata y adornos en pivots. \u00a1\u00a1Prep\u00e1rate para tu nueva temp\u00f2rada tanguera!!, Luce elegante y bonito tu tango<\/p>\n<p><strong>Viernes 12 de 20.30h a 21.45h y Jueves 18 de 19h a 20.15h\u00a0\u00a0<\/strong><\/p>\n<p>30\u20ac<\/p>\n<p><img loading=\"lazy\" decoding=\"async\" class=\"alignnone size-medium wp-image-7211\" src=\"http:\/\/barnatango.com\/wp-content\/uploads\/2021\/06\/fraseosetiembre25-300x185.jpg\" alt=\"\" width=\"300\" height=\"185\" srcset=\"https:\/\/barnatango.com\/wp-content\/uploads\/2021\/06\/fraseosetiembre25-300x185.jpg 300w, https:\/\/barnatango.com\/wp-content\/uploads\/2021\/06\/fraseosetiembre25-650x400.jpg 650w, https:\/\/barnatango.com\/wp-content\/uploads\/2021\/06\/fraseosetiembre25-768x473.jpg 768w, https:\/\/barnatango.com\/wp-content\/uploads\/2021\/06\/fraseosetiembre25-18x12.jpg 18w, https:\/\/barnatango.com\/wp-content\/uploads\/2021\/06\/fraseosetiembre25-600x369.jpg 600w, https:\/\/barnatango.com\/wp-content\/uploads\/2021\/06\/fraseosetiembre25.jpg 1300w\" sizes=\"(max-width: 300px) 100vw, 300px\" \/><\/p>\n<p><strong>Secuencias en el fraseo musical.<\/strong> \u00a1Qu\u00e9 maravilla es el tango!, que cantidad de opciones tenemos para interpretar su gran variedad de colores, texturas y tonos musicales. En estos cursos te vamos a ayudar a profundizar en tu escucha del tango, c\u00f3mo interpretarla de modo personal, e invitando a tu partenaire que lo comparta contigo. Esta vez a traves del fraseo musical<\/p>\n<p><strong>Lunes 8 y Martes 9\u00a0 de Septiembre de 19.30h a 21.30h\u00a0<\/strong><\/p>\n<p>30\u20ac<\/p>\n<p><img loading=\"lazy\" decoding=\"async\" class=\"alignnone size-medium wp-image-7212\" src=\"http:\/\/barnatango.com\/wp-content\/uploads\/2021\/06\/secuenciascircularsetiembre25-300x185.jpg\" alt=\"\" width=\"300\" height=\"185\" srcset=\"https:\/\/barnatango.com\/wp-content\/uploads\/2021\/06\/secuenciascircularsetiembre25-300x185.jpg 300w, https:\/\/barnatango.com\/wp-content\/uploads\/2021\/06\/secuenciascircularsetiembre25-650x400.jpg 650w, https:\/\/barnatango.com\/wp-content\/uploads\/2021\/06\/secuenciascircularsetiembre25-768x473.jpg 768w, https:\/\/barnatango.com\/wp-content\/uploads\/2021\/06\/secuenciascircularsetiembre25-18x12.jpg 18w, https:\/\/barnatango.com\/wp-content\/uploads\/2021\/06\/secuenciascircularsetiembre25-600x369.jpg 600w, https:\/\/barnatango.com\/wp-content\/uploads\/2021\/06\/secuenciascircularsetiembre25.jpg 1300w\" sizes=\"(max-width: 300px) 100vw, 300px\" \/><\/p>\n<p><strong>Circular en la pista 2, <\/strong><em>Bailen todos, compa\u00f1eros, porque el baile es un abrazo: Bailen todos, compa\u00f1eros, que este tango lleva el paso<\/em>. En estos versos del tango <em>Pa\u00b4que<\/em> bailen los muchachos del gran compositor <em>Enrique Cadicamo, <\/em>se resume la esencia del tango social, no solo bailas con tu pareja, bailas con toda la pista, lograr entender y sentir esto es un disfrute supremo. Nosotros lo fomentamos ya en las <a href=\"https:\/\/barnatango.com\/ca\/proximo-trimestre-invierno-2022\/\">clases regulares<\/a>, tambi\u00e9n en nuestras <a href=\"https:\/\/barnatango.com\/ca\/olvidas-lo-que-aprendes-en-clase\/\">pr\u00e1cticas<\/a>, en nuestras <a href=\"https:\/\/barnatango.com\/ca\/milonga-todos-los-viernes\/\">milongas<\/a> y vamos a profundizar y divertirnos en estos cursos de verano<\/p>\n<p><strong>Mi\u00e9rcoles 10 y 17 de Septiembre de 19.30h a 21.30h\u00a0<\/strong><\/p>\n<p>30\u20ac<\/p>\n<p>&nbsp;<\/p>\n<p>10% descuento dos cursos<\/p>\n<p>25%\u00a0 descuento tres cursos<\/p>\n<p>&nbsp;<\/p>\n<p><img loading=\"lazy\" decoding=\"async\" class=\"wp-image-7229 aligncenter\" src=\"http:\/\/barnatango.com\/wp-content\/uploads\/2021\/06\/Horarios-setiembre-2025-1-300x212.jpg\" alt=\"\" width=\"542\" height=\"383\" srcset=\"https:\/\/barnatango.com\/wp-content\/uploads\/2021\/06\/Horarios-setiembre-2025-1-300x212.jpg 300w, https:\/\/barnatango.com\/wp-content\/uploads\/2021\/06\/Horarios-setiembre-2025-1-566x400.jpg 566w, https:\/\/barnatango.com\/wp-content\/uploads\/2021\/06\/Horarios-setiembre-2025-1-768x543.jpg 768w, https:\/\/barnatango.com\/wp-content\/uploads\/2021\/06\/Horarios-setiembre-2025-1-1536x1086.jpg 1536w, https:\/\/barnatango.com\/wp-content\/uploads\/2021\/06\/Horarios-setiembre-2025-1-2048x1448.jpg 2048w, https:\/\/barnatango.com\/wp-content\/uploads\/2021\/06\/Horarios-setiembre-2025-1-18x12.jpg 18w, https:\/\/barnatango.com\/wp-content\/uploads\/2021\/06\/Horarios-setiembre-2025-1-600x424.jpg 600w\" sizes=\"(max-width: 542px) 100vw, 542px\" \/><\/p>\n<p>&nbsp;<\/p>\n<p class=\"p3\"><strong>CONDICIONS\u00a0<\/strong><\/p>\n<ul class=\"ul1\">\n<li class=\"li3\">No cal pagar matr\u00edcula. El pagament s&#039;efectuar\u00e0 el primer dia de classe.<\/li>\n<li class=\"li3\">Pots recuperar les classes perdudes, en qualsevol horari del teu nivell o inferior<\/li>\n<li class=\"li3\">Para poder coordinar el balanceo de las clases y recuperar las mismas, es obligatorio comunicar las faltas de asistencia con antelaci\u00f3n m\u00ednima de 4 horas por WhatsApp, al<span class=\"Apple-converted-space\">\u00a0 <\/span>635 80 33 75<\/li>\n<li style=\"font-weight: 400;\" aria-level=\"1\"><span style=\"font-weight: 400;\">Aportaci\u00f3n alumno milonga \u2013 pr\u00e1ctica de los viernes 5\u20ac (Socios)<\/span><\/li>\n<li style=\"font-weight: 400;\" aria-level=\"1\"><span style=\"font-weight: 400;\">Pots incorporar-te un cop comen\u00e7at el curs, pr\u00e8via consulta, e-mail <a href=\"mailto:contacto@barnatango.com\">contacto@barnatango.com<\/a> o truca a l&#039;635803375 i t&#039;assessorarem.\u00a0<\/span><\/li>\n<li style=\"font-weight: 400;\" aria-level=\"1\"><a href=\"https:\/\/barnatango.com\/ca\/sobre-nosotros\/normas-condiciones\/\"><span style=\"font-weight: 400;\">Normes i condicions de l&#039;escola\u00a0<\/span><\/a><\/li>\n<li>Durant l&#039;estiu despr\u00e9s de la jornada de portes obertes no hi haur\u00e0 classes de prova, per\u00f2 pots venir sempre que vulguis veure una classe, l&#039;escola i la nostra feina<\/li>\n<\/ul>\n\r\n\t\t<\/div>\r\n\t<\/div>\r\n<\/div><\/div><\/div><\/div><div class=\"vc_row wpb_row vc_row-fluid\"><div class=\"wpb_column vc_column_container vc_col-sm-12\"><div class=\"vc_column-inner\"><div class=\"wpb_wrapper\">\r\n\t<div class=\"wpb_video_widget wpb_content_element vc_clearfix   vc_video-aspect-ratio-169 vc_video-el-width-100 vc_video-align-left\" >\r\n\t\t<div class=\"wpb_wrapper\">\r\n\t\t\t\r\n\t\t\t<div class=\"wpb_video_wrapper\"><iframe loading=\"lazy\" title=\"Verano 2024\" width=\"1200\" height=\"900\" src=\"https:\/\/www.youtube.com\/embed\/mGwuJad-H-o?feature=oembed\" frameborder=\"0\" allow=\"accelerometer; autoplay; clipboard-write; encrypted-media; gyroscope; picture-in-picture; web-share\" referrerpolicy=\"strict-origin-when-cross-origin\" allowfullscreen><\/iframe><\/div>\r\n\t\t<\/div>\r\n\t<\/div>\r\n<\/div><\/div><\/div><\/div>","protected":false},"excerpt":{"rendered":"Contactar Llamar Como cada a\u00f1o, adaptamos nuestra oferta de clases de tango a las condiciones veraniegas, para que pod\u00e1is disfrutar de vuestro tiempo libre incluyendo el tango en vuestras actividades. Este a\u00f1o seguiremos con clases de 1,15h, tem\u00e1ticas . En principio programaremos el mes de julio y Septiembre , Agosto\u00a0 quedar\u00e1 en espera de ver ... <a title=\"Clases de verano 2025\" class=\"read-more\" href=\"https:\/\/barnatango.com\/ca\/clases-tango-verano\/\" aria-label=\"M\u00e9s sobre Clases de verano 2025\">Llegiu m\u00e9s<\/a>","protected":false},"author":3,"featured_media":7171,"comment_status":"closed","ping_status":"closed","sticky":false,"template":"","format":"standard","meta":{"_editorskit_title_hidden":false,"_editorskit_reading_time":0,"_editorskit_is_block_options_detached":false,"_editorskit_block_options_position":"{}","footnotes":""},"categories":[258],"tags":[],"acf":[],"yoast_head":"<!-- This site is optimized with the Yoast SEO plugin v23.4 - https:\/\/yoast.com\/wordpress\/plugins\/seo\/ -->\n<title>Clases de verano 2025 - Barnatango.com<\/title>\n<meta name=\"robots\" content=\"index, follow, max-snippet:-1, max-image-preview:large, max-video-preview:-1\" \/>\n<link rel=\"canonical\" href=\"https:\/\/barnatango.com\/ca\/clases-tango-verano\/\" \/>\n<meta property=\"og:locale\" content=\"ca_ES\" \/>\n<meta property=\"og:type\" content=\"article\" \/>\n<meta property=\"og:title\" content=\"Clases de verano 2025 - Barnatango.com\" \/>\n<meta property=\"og:url\" content=\"https:\/\/barnatango.com\/ca\/clases-tango-verano\/\" \/>\n<meta property=\"og:site_name\" content=\"Barnatango.com\" \/>\n<meta property=\"article:publisher\" content=\"https:\/\/es-es.facebook.com\/escuela.tango.el.desbande\/\" \/>\n<meta property=\"article:published_time\" content=\"2021-06-02T10:47:23+00:00\" \/>\n<meta property=\"article:modified_time\" content=\"2025-07-23T15:31:31+00:00\" \/>\n<meta property=\"og:image\" content=\"http:\/\/barnatango.com\/wp-content\/uploads\/2021\/06\/Portada-verano-2025-web-1.jpg\" \/>\n\t<meta property=\"og:image:width\" content=\"1330\" \/>\n\t<meta property=\"og:image:height\" content=\"739\" \/>\n\t<meta property=\"og:image:type\" content=\"image\/jpeg\" \/>\n<meta name=\"author\" content=\"El Desbande\" \/>\n<meta name=\"twitter:card\" content=\"summary_large_image\" \/>\n<meta name=\"twitter:label1\" content=\"Escrit per\" \/>\n\t<meta name=\"twitter:data1\" content=\"El Desbande\" \/>\n\t<meta name=\"twitter:label2\" content=\"Temps estimat de lectura\" \/>\n\t<meta name=\"twitter:data2\" content=\"9 minuts\" \/>\n<!-- \/ Yoast SEO plugin. -->","yoast_head_json":{"title":"Clases de verano 2025 - Barnatango.com","robots":{"index":"index","follow":"follow","max-snippet":"max-snippet:-1","max-image-preview":"max-image-preview:large","max-video-preview":"max-video-preview:-1"},"canonical":"https:\/\/barnatango.com\/ca\/clases-tango-verano\/","og_locale":"ca_ES","og_type":"article","og_title":"Clases de verano 2025 - Barnatango.com","og_url":"https:\/\/barnatango.com\/ca\/clases-tango-verano\/","og_site_name":"Barnatango.com","article_publisher":"https:\/\/es-es.facebook.com\/escuela.tango.el.desbande\/","article_published_time":"2021-06-02T10:47:23+00:00","article_modified_time":"2025-07-23T15:31:31+00:00","og_image":[{"width":1330,"height":739,"url":"http:\/\/barnatango.com\/wp-content\/uploads\/2021\/06\/Portada-verano-2025-web-1.jpg","type":"image\/jpeg"}],"author":"El Desbande","twitter_card":"summary_large_image","twitter_misc":{"Escrit per":"El Desbande","Temps estimat de lectura":"9 minuts"},"schema":{"@context":"https:\/\/schema.org","@graph":[{"@type":"Article","@id":"https:\/\/barnatango.com\/clases-tango-verano\/#article","isPartOf":{"@id":"https:\/\/barnatango.com\/clases-tango-verano\/"},"author":{"name":"El Desbande","@id":"https:\/\/barnatango.com\/#\/schema\/person\/d0d5da38accb7bada62c6e013b869698"},"headline":"Clases de verano 2025","datePublished":"2021-06-02T10:47:23+00:00","dateModified":"2025-07-23T15:31:31+00:00","mainEntityOfPage":{"@id":"https:\/\/barnatango.com\/clases-tango-verano\/"},"wordCount":1416,"publisher":{"@id":"https:\/\/barnatango.com\/#organization"},"image":{"@id":"https:\/\/barnatango.com\/clases-tango-verano\/#primaryimage"},"thumbnailUrl":"https:\/\/barnatango.com\/wp-content\/uploads\/2021\/06\/Portada-verano-2025-web-1.jpg","articleSection":["Clases de Tango en Barcelona"],"inLanguage":"ca"},{"@type":"WebPage","@id":"https:\/\/barnatango.com\/clases-tango-verano\/","url":"https:\/\/barnatango.com\/clases-tango-verano\/","name":"Clases de verano 2025 - Barnatango.com","isPartOf":{"@id":"https:\/\/barnatango.com\/#website"},"primaryImageOfPage":{"@id":"https:\/\/barnatango.com\/clases-tango-verano\/#primaryimage"},"image":{"@id":"https:\/\/barnatango.com\/clases-tango-verano\/#primaryimage"},"thumbnailUrl":"https:\/\/barnatango.com\/wp-content\/uploads\/2021\/06\/Portada-verano-2025-web-1.jpg","datePublished":"2021-06-02T10:47:23+00:00","dateModified":"2025-07-23T15:31:31+00:00","breadcrumb":{"@id":"https:\/\/barnatango.com\/clases-tango-verano\/#breadcrumb"},"inLanguage":"ca","potentialAction":[{"@type":"ReadAction","target":["https:\/\/barnatango.com\/clases-tango-verano\/"]}]},{"@type":"ImageObject","inLanguage":"ca","@id":"https:\/\/barnatango.com\/clases-tango-verano\/#primaryimage","url":"https:\/\/barnatango.com\/wp-content\/uploads\/2021\/06\/Portada-verano-2025-web-1.jpg","contentUrl":"https:\/\/barnatango.com\/wp-content\/uploads\/2021\/06\/Portada-verano-2025-web-1.jpg","width":1330,"height":739},{"@type":"BreadcrumbList","@id":"https:\/\/barnatango.com\/clases-tango-verano\/#breadcrumb","itemListElement":[{"@type":"ListItem","position":1,"name":"Inicio","item":"https:\/\/barnatango.com\/"},{"@type":"ListItem","position":2,"name":"Clases de Tango en Barcelona","item":"https:\/\/barnatango.com\/clases-de-tango\/"},{"@type":"ListItem","position":3,"name":"Clases de verano 2025"}]},{"@type":"WebSite","@id":"https:\/\/barnatango.com\/#website","url":"https:\/\/barnatango.com\/","name":"Barnatango.com","description":"Classes de Tango a Barcelona","publisher":{"@id":"https:\/\/barnatango.com\/#organization"},"potentialAction":[{"@type":"SearchAction","target":{"@type":"EntryPoint","urlTemplate":"https:\/\/barnatango.com\/?s={search_term_string}"},"query-input":{"@type":"PropertyValueSpecification","valueRequired":true,"valueName":"search_term_string"}}],"inLanguage":"ca"},{"@type":"Organization","@id":"https:\/\/barnatango.com\/#organization","name":"El Desbande Escuela de Tango","url":"https:\/\/barnatango.com\/","logo":{"@type":"ImageObject","inLanguage":"ca","@id":"https:\/\/barnatango.com\/#\/schema\/logo\/image\/","url":"https:\/\/barnatango.com\/wp-content\/uploads\/2020\/04\/eldesbande_vred.png","contentUrl":"https:\/\/barnatango.com\/wp-content\/uploads\/2020\/04\/eldesbande_vred.png","width":156,"height":149,"caption":"El Desbande Escuela de Tango"},"image":{"@id":"https:\/\/barnatango.com\/#\/schema\/logo\/image\/"},"sameAs":["https:\/\/es-es.facebook.com\/escuela.tango.el.desbande\/","https:\/\/www.instagram.com\/tangodesbande\/?hl=es","https:\/\/www.youtube.com\/watch?v=DqMQpDEmSVs&amp;amp;amp;amp;t=7s"]},{"@type":"Person","@id":"https:\/\/barnatango.com\/#\/schema\/person\/d0d5da38accb7bada62c6e013b869698","name":"el desbande","image":{"@type":"ImageObject","inLanguage":"ca","@id":"https:\/\/barnatango.com\/#\/schema\/person\/image\/","url":"https:\/\/secure.gravatar.com\/avatar\/9621b54b39bf1d7fc02cd4c8b30e2df2?s=96&d=mm&r=g","contentUrl":"https:\/\/secure.gravatar.com\/avatar\/9621b54b39bf1d7fc02cd4c8b30e2df2?s=96&d=mm&r=g","caption":"El Desbande"},"description":"Director de la Escuela"}]}},"_links":{"self":[{"href":"https:\/\/barnatango.com\/ca\/wp-json\/wp\/v2\/posts\/5069"}],"collection":[{"href":"https:\/\/barnatango.com\/ca\/wp-json\/wp\/v2\/posts"}],"about":[{"href":"https:\/\/barnatango.com\/ca\/wp-json\/wp\/v2\/types\/post"}],"author":[{"embeddable":true,"href":"https:\/\/barnatango.com\/ca\/wp-json\/wp\/v2\/users\/3"}],"replies":[{"embeddable":true,"href":"https:\/\/barnatango.com\/ca\/wp-json\/wp\/v2\/comments?post=5069"}],"version-history":[{"count":0,"href":"https:\/\/barnatango.com\/ca\/wp-json\/wp\/v2\/posts\/5069\/revisions"}],"wp:featuredmedia":[{"embeddable":true,"href":"https:\/\/barnatango.com\/ca\/wp-json\/wp\/v2\/media\/7171"}],"wp:attachment":[{"href":"https:\/\/barnatango.com\/ca\/wp-json\/wp\/v2\/media?parent=5069"}],"wp:term":[{"taxonomy":"category","embeddable":true,"href":"https:\/\/barnatango.com\/ca\/wp-json\/wp\/v2\/categories?post=5069"},{"taxonomy":"post_tag","embeddable":true,"href":"https:\/\/barnatango.com\/ca\/wp-json\/wp\/v2\/tags?post=5069"}],"curies":[{"name":"wp","href":"https:\/\/api.w.org\/{rel}","templated":true}]}}