{"id":5315,"date":"2021-08-16T10:34:04","date_gmt":"2021-08-16T08:34:04","guid":{"rendered":"https:\/\/barnatango.com\/?p=5315"},"modified":"2021-12-13T20:18:31","modified_gmt":"2021-12-13T19:18:31","slug":"intensivo-septiembre-2021","status":"publish","type":"post","link":"https:\/\/barnatango.com\/ca\/intensivo-septiembre-2021\/","title":{"rendered":"Intensius de tango , proper intensiu, Febrer (per decidir)"},"content":{"rendered":"<div class=\"vc_row wpb_row vc_row-fluid\"><div class=\"wpb_column vc_column_container vc_col-sm-6\"><div class=\"vc_column-inner\"><div class=\"wpb_wrapper\"><div class=\"vc_btn3-container vc_btn3-center\" ><a class=\"vc_general vc_btn3 vc_btn3-size-lg vc_btn3-shape-rounded vc_btn3-style-flat vc_btn3-block vc_btn3-icon-left vc_btn3-color-green\" href=\"https:\/\/api.whatsapp.com\/send?phone=34635803375\" title=\"Contacte\"><i class=\"vc_btn3-icon fab fa-whatsapp\"><\/i> Contacte<\/a><\/div><\/div><\/div><\/div><div class=\"wpb_column vc_column_container vc_col-sm-6\"><div class=\"vc_column-inner\"><div class=\"wpb_wrapper\"><div class=\"vc_btn3-container vc_btn3-center\" ><a class=\"vc_general vc_btn3 vc_btn3-size-lg vc_btn3-shape-rounded vc_btn3-style-flat vc_btn3-block vc_btn3-icon-left vc_btn3-color-inverse\" href=\"tel:635803375\" title=\"Trucar\"><i class=\"vc_btn3-icon fas fa-phone-alt\"><\/i> Trucar<\/a><\/div><\/div><\/div><\/div><\/div><div class=\"vc_row wpb_row vc_row-fluid\"><div class=\"wpb_column vc_column_container vc_col-sm-12\"><div class=\"vc_column-inner\"><div class=\"wpb_wrapper\">\r\n\t<div class=\"wpb_text_column wpb_content_element\" >\r\n\t\t<div class=\"wpb_wrapper\">\r\n\t\t\t<p><b>Pr\u00f2xim intensiu d&#039;iniciaci\u00f3: Febrer, dissabte i diumenge per decidir\u00a0<\/b><\/p>\n<p><span style=\"font-weight: 400;\">Qui et gui\u00e9s en aquest emocionant recorregut ser\u00e0 el <strong>ballar\u00ed i professor Fernando Corrado<\/strong><\/span><\/p>\n<p><span style=\"font-weight: 400;\">Aprendr\u00e0s, el <strong>pas b\u00e0sic, els fonaments de l&#039;abra\u00e7ada, vuits i pivots i alguna figura senzilla<\/strong>.<\/span><\/p>\n<p><span style=\"font-weight: 400;\">Pr\u00f2xim intensiu d&#039;iniciaci\u00f3: <b>Febrer, dissabte i diumenge per decidir\u00a0<\/b><\/span><\/p>\n<p><span style=\"font-weight: 400;\"><strong>horari:<\/strong> de 12h a 15.30 aprox<\/span><\/p>\n<p><span style=\"font-weight: 400;\"><strong>professor:<\/strong> Fernando Corrado<\/span><\/p>\n<p><span style=\"font-weight: 400;\"><strong>aportaci\u00f3:<\/strong> Individual 65 \u20ac, parelles 100 \u20ac<\/span><\/p>\n<p><span style=\"font-weight: 400;\"><strong>per reservar<\/strong> pagament a la bestreta de 20 \u20ac a l&#039;escola o al n\u00ba de compte ES67 2100 3139 8821 0092 3681 CAIXESBBXXX, posant el teu nom i curs i envia&#039;ns un e-mail o whatsapp.<\/span><\/p>\n<p>&nbsp;<\/p>\n<p><span style=\"font-weight: 400;\">Com cada trimestre tenim un intensiu de cap de setmana a la vostra disposici\u00f3, utilitzem aquest format de cap de setmana per als intensius per dues raons principalment.<\/span><\/p>\n<p><span style=\"font-weight: 400;\">\u00c9s un format compacte, intens i de cap de setmana, amb la qual cosa \u00e9s apte per a la majoria i \u00e9s una forma f\u00e0cil, econ\u00f2mica i efectiva de tenir una presa de contacte, prou profunda amb aquest ball per tenir una idea clara de les seves caracter\u00edstiques i de la potencialitat de les seves possibilitats.<\/span><\/p>\n<p><span style=\"font-weight: 400;\">Ens queda gaireb\u00e9 sempre a meitat m\u00e9s o menys d&#039;un trimestre, amb els qual, per a aquells que van arribar massa tard per comen\u00e7ar amb el trimestre i seguir el ritme, o per a aquells que es van interessar pels cursos per\u00f2 no volen esperar l&#039;inici de l&#039;trimestre , \u00e9s ideal. Despr\u00e9s d&#039;haver participat en l&#039;intensiu poden incorporar-se als horaris setmanals de classes grupals de tango al ritme de l&#039;escola.<\/span><\/p>\n<p><span style=\"font-weight: 400;\">Tamb\u00e9 \u00e9s genial com a regal, a un amic oa un familiar, en aquests casos nom\u00e9s has de dir-nos-i t&#039;enviarem un val de regal per imprimir.<\/span><\/p>\n<p><strong>Som m\u00e9s una de les poques escoles que disposem una milonga - pr\u00e0ctica pr\u00f2pia on poder en pr\u00e0ctica, ballar i gaudir tots els coneixements que de l&#039;tango posem a disposici\u00f3 dels nostres alumnes.<br \/>\n<\/strong><\/p>\n<p><span style=\"font-weight: 400;\">\u00a0<\/span><\/p>\n\r\n\t\t<\/div>\r\n\t<\/div>\r\n<\/div><\/div><\/div><\/div><div class=\"vc_row wpb_row vc_row-fluid\"><div class=\"wpb_column vc_column_container vc_col-sm-6\"><div class=\"vc_column-inner\"><div class=\"wpb_wrapper\"><div class=\"vc_btn3-container vc_btn3-center\" ><a class=\"vc_general vc_btn3 vc_btn3-size-lg vc_btn3-shape-rounded vc_btn3-style-flat vc_btn3-block vc_btn3-icon-left vc_btn3-color-green\" href=\"http:\/\/https:\/\/api.whatsapp.com\/send?phone=34635803375\" title=\"Contacte\"><i class=\"vc_btn3-icon fab fa-whatsapp\"><\/i> Contacte<\/a><\/div><\/div><\/div><\/div><div class=\"wpb_column vc_column_container vc_col-sm-6\"><div class=\"vc_column-inner\"><div class=\"wpb_wrapper\"><div class=\"vc_btn3-container vc_btn3-center\" ><a class=\"vc_general vc_btn3 vc_btn3-size-lg vc_btn3-shape-rounded vc_btn3-style-flat vc_btn3-block vc_btn3-icon-left vc_btn3-color-inverse\" href=\"tel:635803375\" title=\"Trucar\"><i class=\"vc_btn3-icon fas fa-phone-alt\"><\/i> Trucar<\/a><\/div><\/div><\/div><\/div><\/div>","protected":false},"excerpt":{"rendered":"Contactar Trucar Pr\u00f2xim intensiu d&#039;iniciaci\u00f3: Febrer, dissabte i diumenge per decidir Qui et gui\u00e9s en aquest emocionant recorregut ser\u00e0 el ballar\u00ed i professor Fernando Corrado Aprendr\u00e0s, el pas b\u00e0sic, els fonaments de l&#039;abra\u00e7ada, vuits i pivots i alguna figura senzilla. Pr\u00f2xim intensiu d&#039;iniciaci\u00f3: Febrer, dissabte i diumenge per decidir Horari: de 12h a 15.30 aprox Professor: ... <a title=\"Intensius de tango , proper intensiu, Febrer (per decidir)\" class=\"read-more\" href=\"https:\/\/barnatango.com\/ca\/intensivo-septiembre-2021\/\" aria-label=\"M\u00e9s sobre Intensivos de tango , pr\u00f3ximo intensivo, Febrero (por decidir)\">Llegiu m\u00e9s<\/a>","protected":false},"author":3,"featured_media":5317,"comment_status":"closed","ping_status":"closed","sticky":false,"template":"","format":"standard","meta":{"_editorskit_title_hidden":false,"_editorskit_reading_time":0,"_editorskit_is_block_options_detached":false,"_editorskit_block_options_position":"{}","footnotes":""},"categories":[259],"tags":[],"acf":[],"yoast_head":"<!-- This site is optimized with the Yoast SEO plugin v23.4 - https:\/\/yoast.com\/wordpress\/plugins\/seo\/ -->\n<title>Intensivos de tango , pr\u00f3ximo intensivo, Febrero (por decidir) - Barnatango.com<\/title>\n<meta name=\"robots\" content=\"index, follow, max-snippet:-1, max-image-preview:large, max-video-preview:-1\" \/>\n<link rel=\"canonical\" href=\"https:\/\/barnatango.com\/ca\/intensivo-septiembre-2021\/\" \/>\n<meta property=\"og:locale\" content=\"ca_ES\" \/>\n<meta property=\"og:type\" content=\"article\" \/>\n<meta property=\"og:title\" content=\"Intensivos de tango , pr\u00f3ximo intensivo, Febrero (por decidir) - Barnatango.com\" \/>\n<meta property=\"og:url\" content=\"https:\/\/barnatango.com\/ca\/intensivo-septiembre-2021\/\" \/>\n<meta property=\"og:site_name\" content=\"Barnatango.com\" \/>\n<meta property=\"article:publisher\" content=\"https:\/\/es-es.facebook.com\/escuela.tango.el.desbande\/\" \/>\n<meta property=\"article:published_time\" content=\"2021-08-16T08:34:04+00:00\" \/>\n<meta property=\"article:modified_time\" content=\"2021-12-13T19:18:31+00:00\" \/>\n<meta property=\"og:image\" content=\"https:\/\/barnatango.com\/wp-content\/uploads\/2021\/08\/intensivo.jpg\" \/>\n\t<meta property=\"og:image:width\" content=\"1775\" \/>\n\t<meta property=\"og:image:height\" content=\"903\" \/>\n\t<meta property=\"og:image:type\" content=\"image\/jpeg\" \/>\n<meta name=\"author\" content=\"El Desbande\" \/>\n<meta name=\"twitter:card\" content=\"summary_large_image\" \/>\n<meta name=\"twitter:label1\" content=\"Escrit per\" \/>\n\t<meta name=\"twitter:data1\" content=\"El Desbande\" \/>\n\t<meta name=\"twitter:label2\" content=\"Temps estimat de lectura\" \/>\n\t<meta name=\"twitter:data2\" content=\"2 minuts\" \/>\n<!-- \/ Yoast SEO plugin. -->","yoast_head_json":{"title":"Intensivos de tango , pr\u00f3ximo intensivo, Febrero (por decidir) - Barnatango.com","robots":{"index":"index","follow":"follow","max-snippet":"max-snippet:-1","max-image-preview":"max-image-preview:large","max-video-preview":"max-video-preview:-1"},"canonical":"https:\/\/barnatango.com\/ca\/intensivo-septiembre-2021\/","og_locale":"ca_ES","og_type":"article","og_title":"Intensivos de tango , pr\u00f3ximo intensivo, Febrero (por decidir) - Barnatango.com","og_url":"https:\/\/barnatango.com\/ca\/intensivo-septiembre-2021\/","og_site_name":"Barnatango.com","article_publisher":"https:\/\/es-es.facebook.com\/escuela.tango.el.desbande\/","article_published_time":"2021-08-16T08:34:04+00:00","article_modified_time":"2021-12-13T19:18:31+00:00","og_image":[{"width":1775,"height":903,"url":"https:\/\/barnatango.com\/wp-content\/uploads\/2021\/08\/intensivo.jpg","type":"image\/jpeg"}],"author":"El Desbande","twitter_card":"summary_large_image","twitter_misc":{"Escrit per":"El Desbande","Temps estimat de lectura":"2 minuts"},"schema":{"@context":"https:\/\/schema.org","@graph":[{"@type":"Article","@id":"https:\/\/barnatango.com\/intensivo-septiembre-2021\/#article","isPartOf":{"@id":"https:\/\/barnatango.com\/intensivo-septiembre-2021\/"},"author":{"name":"El Desbande","@id":"https:\/\/barnatango.com\/#\/schema\/person\/d0d5da38accb7bada62c6e013b869698"},"headline":"Intensivos de tango , pr\u00f3ximo intensivo, Febrero (por decidir)","datePublished":"2021-08-16T08:34:04+00:00","dateModified":"2021-12-13T19:18:31+00:00","mainEntityOfPage":{"@id":"https:\/\/barnatango.com\/intensivo-septiembre-2021\/"},"wordCount":511,"publisher":{"@id":"https:\/\/barnatango.com\/#organization"},"image":{"@id":"https:\/\/barnatango.com\/intensivo-septiembre-2021\/#primaryimage"},"thumbnailUrl":"https:\/\/barnatango.com\/wp-content\/uploads\/2021\/08\/intensivo.jpg","articleSection":["Intensivos de tango"],"inLanguage":"ca"},{"@type":"WebPage","@id":"https:\/\/barnatango.com\/intensivo-septiembre-2021\/","url":"https:\/\/barnatango.com\/intensivo-septiembre-2021\/","name":"Intensivos de tango , pr\u00f3ximo intensivo, Febrero (por decidir) - Barnatango.com","isPartOf":{"@id":"https:\/\/barnatango.com\/#website"},"primaryImageOfPage":{"@id":"https:\/\/barnatango.com\/intensivo-septiembre-2021\/#primaryimage"},"image":{"@id":"https:\/\/barnatango.com\/intensivo-septiembre-2021\/#primaryimage"},"thumbnailUrl":"https:\/\/barnatango.com\/wp-content\/uploads\/2021\/08\/intensivo.jpg","datePublished":"2021-08-16T08:34:04+00:00","dateModified":"2021-12-13T19:18:31+00:00","breadcrumb":{"@id":"https:\/\/barnatango.com\/intensivo-septiembre-2021\/#breadcrumb"},"inLanguage":"ca","potentialAction":[{"@type":"ReadAction","target":["https:\/\/barnatango.com\/intensivo-septiembre-2021\/"]}]},{"@type":"ImageObject","inLanguage":"ca","@id":"https:\/\/barnatango.com\/intensivo-septiembre-2021\/#primaryimage","url":"https:\/\/barnatango.com\/wp-content\/uploads\/2021\/08\/intensivo.jpg","contentUrl":"https:\/\/barnatango.com\/wp-content\/uploads\/2021\/08\/intensivo.jpg","width":1775,"height":903},{"@type":"BreadcrumbList","@id":"https:\/\/barnatango.com\/intensivo-septiembre-2021\/#breadcrumb","itemListElement":[{"@type":"ListItem","position":1,"name":"Inicio","item":"https:\/\/barnatango.com\/"},{"@type":"ListItem","position":2,"name":"Intensivos de tango","item":"https:\/\/barnatango.com\/intensivos-de-tango\/"},{"@type":"ListItem","position":3,"name":"Intensivos de tango , pr\u00f3ximo intensivo, Febrero (por decidir)"}]},{"@type":"WebSite","@id":"https:\/\/barnatango.com\/#website","url":"https:\/\/barnatango.com\/","name":"Barnatango.com","description":"Classes de Tango a Barcelona","publisher":{"@id":"https:\/\/barnatango.com\/#organization"},"potentialAction":[{"@type":"SearchAction","target":{"@type":"EntryPoint","urlTemplate":"https:\/\/barnatango.com\/?s={search_term_string}"},"query-input":{"@type":"PropertyValueSpecification","valueRequired":true,"valueName":"search_term_string"}}],"inLanguage":"ca"},{"@type":"Organization","@id":"https:\/\/barnatango.com\/#organization","name":"El Desbande Escuela de Tango","url":"https:\/\/barnatango.com\/","logo":{"@type":"ImageObject","inLanguage":"ca","@id":"https:\/\/barnatango.com\/#\/schema\/logo\/image\/","url":"https:\/\/barnatango.com\/wp-content\/uploads\/2020\/04\/eldesbande_vred.png","contentUrl":"https:\/\/barnatango.com\/wp-content\/uploads\/2020\/04\/eldesbande_vred.png","width":156,"height":149,"caption":"El Desbande Escuela de Tango"},"image":{"@id":"https:\/\/barnatango.com\/#\/schema\/logo\/image\/"},"sameAs":["https:\/\/es-es.facebook.com\/escuela.tango.el.desbande\/","https:\/\/www.instagram.com\/tangodesbande\/?hl=es","https:\/\/www.youtube.com\/watch?v=DqMQpDEmSVs&amp;amp;amp;amp;t=7s"]},{"@type":"Person","@id":"https:\/\/barnatango.com\/#\/schema\/person\/d0d5da38accb7bada62c6e013b869698","name":"el desbande","image":{"@type":"ImageObject","inLanguage":"ca","@id":"https:\/\/barnatango.com\/#\/schema\/person\/image\/","url":"https:\/\/secure.gravatar.com\/avatar\/9621b54b39bf1d7fc02cd4c8b30e2df2?s=96&d=mm&r=g","contentUrl":"https:\/\/secure.gravatar.com\/avatar\/9621b54b39bf1d7fc02cd4c8b30e2df2?s=96&d=mm&r=g","caption":"El Desbande"},"description":"Director de la Escuela"}]}},"_links":{"self":[{"href":"https:\/\/barnatango.com\/ca\/wp-json\/wp\/v2\/posts\/5315"}],"collection":[{"href":"https:\/\/barnatango.com\/ca\/wp-json\/wp\/v2\/posts"}],"about":[{"href":"https:\/\/barnatango.com\/ca\/wp-json\/wp\/v2\/types\/post"}],"author":[{"embeddable":true,"href":"https:\/\/barnatango.com\/ca\/wp-json\/wp\/v2\/users\/3"}],"replies":[{"embeddable":true,"href":"https:\/\/barnatango.com\/ca\/wp-json\/wp\/v2\/comments?post=5315"}],"version-history":[{"count":0,"href":"https:\/\/barnatango.com\/ca\/wp-json\/wp\/v2\/posts\/5315\/revisions"}],"wp:featuredmedia":[{"embeddable":true,"href":"https:\/\/barnatango.com\/ca\/wp-json\/wp\/v2\/media\/5317"}],"wp:attachment":[{"href":"https:\/\/barnatango.com\/ca\/wp-json\/wp\/v2\/media?parent=5315"}],"wp:term":[{"taxonomy":"category","embeddable":true,"href":"https:\/\/barnatango.com\/ca\/wp-json\/wp\/v2\/categories?post=5315"},{"taxonomy":"post_tag","embeddable":true,"href":"https:\/\/barnatango.com\/ca\/wp-json\/wp\/v2\/tags?post=5315"}],"curies":[{"name":"wp","href":"https:\/\/api.w.org\/{rel}","templated":true}]}}