{"id":5569,"date":"2022-03-08T11:55:04","date_gmt":"2022-03-08T10:55:04","guid":{"rendered":"https:\/\/barnatango.com\/?p=5569"},"modified":"2022-08-17T12:03:20","modified_gmt":"2022-08-17T10:03:20","slug":"puertas-abiertas-clase-nivel-0","status":"publish","type":"post","link":"https:\/\/barnatango.com\/ca\/puertas-abiertas-clase-nivel-0\/","title":{"rendered":"Jornada de portes obertes - classe gratu\u00efta nivell 0"},"content":{"rendered":"<p class=\"p1\"><b>Dimecres 28 de setembre de 2022 a les 19h<span class=\"Apple-converted-space\">\u00a0<\/span><\/b><\/p>\n<p class=\"p1\">Mai no has pres una classe de tango per\u00f2 t&#039;agradaria provar? Sempre vas tenir moltes ganes per\u00f2 mai t&#039;hi vas atrevir? Cap problema, ara \u00e9s el teu moment, el 28 de setembre del 2022 a l&#039;escola de tango El Desbande, aqu\u00ed a Barcelona, et convidem a provar, sortir\u00e0s de dubtes i estem gaireb\u00e9, gaireb\u00e9 segurs, que et convencerem que el tango si \u00e9s per a tu.<\/p>\n<p class=\"p1\">Segur, el tango \u00e9s per a tot aquell que tingui il\u00b7lusi\u00f3 en compartir experi\u00e8ncies reveladores i excitants, per als que gaudeixen de la dansa seva amb intensitat, per als que els complau educar i cuidar el seu cos a trav\u00e9s de la m\u00fasica, el comp\u00e0s i la comunicaci\u00f3 amb el un altre, sigui de el lloc que sigui, parli l&#039;idioma que parli, tingui l&#039;aspecte que tingui, elegant sempre, aix\u00f2 s\u00ed, i que busqui una connexi\u00f3 m\u00e9s enll\u00e0 de el reflex d&#039;una imatge en una pantalla.<span class=\"Apple-converted-space\">\u00a0<\/span><\/p>\n<p class=\"p1\">La intimitat supera qualsevol aparen\u00e7a, no hi ha ball m\u00e9s \u00edntim que el tango, com deia, <i>Enrique Santos Discepolo<\/i>, un dels m\u00e9s grans compositors de lletres de tango,<span class=\"Apple-converted-space\">\u00a0 <\/span>autor del conegut tango<i> Cambalache<\/i>, deia, <i>El tango \u00e9s un pensament trist que es balla.<span class=\"Apple-converted-space\">\u00a0<\/span><\/i> La tristesa \u00e9s el reflex d&#039;una abs\u00e8ncia, diem nosaltres, mitjan\u00e7ant aquesta meravellosa contradicci\u00f3, nosaltres, els apassionats de la milonga (lloc on es balla tango) quan ballem compartint les tristeses de les lletres i m\u00fasiques tangueres, ens omplim d&#039;alegria gr\u00e0cies a la potent energia de la connexi\u00f3 a l&#039;abra\u00e7ada del ball tango, sense paraules\u2026., aix\u00f2 vindr\u00e0 despr\u00e9s, en acabar el ball<span class=\"Apple-converted-space\">\u00a0 \u00a0<\/span><\/p>\n<p class=\"p1\">Jornada de portes obertes - classe gratu\u00efta nivell 0<span class=\"Apple-converted-space\">\u00a0<\/span><\/p>\n<p class=\"p1\">Quan: Dimecres 28 de Setembre de 2022 a les 19h<span class=\"Apple-converted-space\">\u00a0<\/span><\/p>\n<p class=\"p1\">On: A l&#039;escola de tango El desbande<span class=\"Apple-converted-space\">\u00a0<\/span><\/p>\n<p class=\"p1\">Cost: 0 \u20ac<\/p>\n<p class=\"p1\"><b>condicions:<\/b><\/p>\n<p class=\"p1\">IMPRESCINDIBLE APUNTAR-SE EN PARELLA AMB ANTELACI\u00d3, NO OBLIGAT\u00d2RIAMENT DEL MATEIX SEXE.<\/p>\n<p class=\"p1\">A TRAV\u00c9S DEL NOSTRE E-MAIL <a href=\"mailto:info@barnatango.com\"><span class=\"s1\">info@barnatango.com<\/span><\/a> o TLF. WhatsApp, 635 80 33 75<span class=\"Apple-converted-space\">\u00a0<\/span><\/p>\n<p class=\"p1\">Deixant-nos el teu nom i el de la teva parella, i les vostres dades de contacte, e-mail i tel\u00e8fon <span class=\"Apple-converted-space\">\u00a0 \u00a0<\/span><\/p>\n<p>&nbsp;<\/p>\n<p><strong>Enlla\u00e7os d&#039;inter\u00e8s<\/strong><\/p>\n<p><a href=\"https:\/\/barnatango.com\/ca\/clases-de-tango\/nivel-0-comienza-hoy\/\">nivell 0<\/a><\/p>\n<p><a href=\"https:\/\/barnatango.com\/ca\/milonga\/olvidas-lo-que-aprendes-en-clase\/\">Pr\u00e0ctiques de principiants\u00a0<\/a><\/p>\n<p><a href=\"https:\/\/barnatango.com\/ca\/clases-de-tango\/nivel-0-comienza-hoy\/\">Un petit v\u00eddeo de nocions b\u00e0siques (baixant)\u00a0<\/a><\/p>\n<p><a href=\"https:\/\/barnatango.com\/ca\/milonga\/milonga-todos-los-viernes\/\">Milonges\u00a0<\/a><\/p>\n<p>&nbsp;<\/p>\n<p>&nbsp;<\/p>","protected":false},"excerpt":{"rendered":"<p>Dimecres 28 de setembre de 2022 a les 19h Mai no has pres una classe de tango per\u00f2 t&#039;agradaria provar? Sempre vas tenir moltes ganes per\u00f2 mai t&#039;has atrevit? sigui per a tu? Cap problema, ara \u00e9s el teu moment, el \u2026 <a title=\"Jornada de portes obertes - classe gratu\u00efta nivell 0\" class=\"read-more\" href=\"https:\/\/barnatango.com\/ca\/puertas-abiertas-clase-nivel-0\/\" aria-label=\"M\u00e9s sobre Jornada de portes obertes \u2013 classe gratu\u00efta nivell 0\">Llegiu m\u00e9s<\/a><\/p>","protected":false},"author":3,"featured_media":5681,"comment_status":"closed","ping_status":"closed","sticky":false,"template":"","format":"standard","meta":{"_editorskit_title_hidden":false,"_editorskit_reading_time":0,"_editorskit_is_block_options_detached":false,"_editorskit_block_options_position":"{}","footnotes":""},"categories":[260],"tags":[],"acf":[],"yoast_head":"<!-- This site is optimized with the Yoast SEO plugin v23.4 - https:\/\/yoast.com\/wordpress\/plugins\/seo\/ -->\n<title>Jornada de puertas abiertas \u2013 clase gratuita nivel 0 - Barnatango.com<\/title>\n<meta name=\"robots\" content=\"index, follow, max-snippet:-1, max-image-preview:large, max-video-preview:-1\" \/>\n<link rel=\"canonical\" href=\"https:\/\/barnatango.com\/ca\/puertas-abiertas-clase-nivel-0\/\" \/>\n<meta property=\"og:locale\" content=\"ca_ES\" \/>\n<meta property=\"og:type\" content=\"article\" \/>\n<meta property=\"og:title\" content=\"Jornada de puertas abiertas \u2013 clase gratuita nivel 0 - Barnatango.com\" \/>\n<meta property=\"og:description\" content=\"Mi\u00e9rcoles\u00a028 de septiembre de 2022 a las 19h\u00a0 \u00bfNunca has tomado una clase de tango pero te gustar\u00eda probar?, \u00bfSiempre tuviste muchas ganas pero nunca te atreviste?, \u00bfTe gustar\u00eda probar una clase de tango pero no est\u00e1s seguro de que el tango sea para ti? No hay problema, ahora es tu momento, el 28 de ... Llegiu m\u00e9s\" \/>\n<meta property=\"og:url\" content=\"https:\/\/barnatango.com\/ca\/puertas-abiertas-clase-nivel-0\/\" \/>\n<meta property=\"og:site_name\" content=\"Barnatango.com\" \/>\n<meta property=\"article:publisher\" content=\"https:\/\/es-es.facebook.com\/escuela.tango.el.desbande\/\" \/>\n<meta property=\"article:published_time\" content=\"2022-03-08T10:55:04+00:00\" \/>\n<meta property=\"article:modified_time\" content=\"2022-08-17T10:03:20+00:00\" \/>\n<meta property=\"og:image\" content=\"https:\/\/barnatango.com\/wp-content\/uploads\/2022\/03\/puertas-abiertas-28-setiembre.jpg\" \/>\n\t<meta property=\"og:image:width\" content=\"1300\" \/>\n\t<meta property=\"og:image:height\" content=\"800\" \/>\n\t<meta property=\"og:image:type\" content=\"image\/jpeg\" \/>\n<meta name=\"author\" content=\"El Desbande\" \/>\n<meta name=\"twitter:card\" content=\"summary_large_image\" \/>\n<meta name=\"twitter:label1\" content=\"Escrit per\" \/>\n\t<meta name=\"twitter:data1\" content=\"El Desbande\" \/>\n\t<meta name=\"twitter:label2\" content=\"Temps estimat de lectura\" \/>\n\t<meta name=\"twitter:data2\" content=\"2 minuts\" \/>\n<!-- \/ Yoast SEO plugin. -->","yoast_head_json":{"title":"Jornada de puertas abiertas \u2013 clase gratuita nivel 0 - Barnatango.com","robots":{"index":"index","follow":"follow","max-snippet":"max-snippet:-1","max-image-preview":"max-image-preview:large","max-video-preview":"max-video-preview:-1"},"canonical":"https:\/\/barnatango.com\/ca\/puertas-abiertas-clase-nivel-0\/","og_locale":"ca_ES","og_type":"article","og_title":"Jornada de puertas abiertas \u2013 clase gratuita nivel 0 - Barnatango.com","og_description":"Mi\u00e9rcoles\u00a028 de septiembre de 2022 a las 19h\u00a0 \u00bfNunca has tomado una clase de tango pero te gustar\u00eda probar?, \u00bfSiempre tuviste muchas ganas pero nunca te atreviste?, \u00bfTe gustar\u00eda probar una clase de tango pero no est\u00e1s seguro de que el tango sea para ti? No hay problema, ahora es tu momento, el 28 de ... Llegiu m\u00e9s","og_url":"https:\/\/barnatango.com\/ca\/puertas-abiertas-clase-nivel-0\/","og_site_name":"Barnatango.com","article_publisher":"https:\/\/es-es.facebook.com\/escuela.tango.el.desbande\/","article_published_time":"2022-03-08T10:55:04+00:00","article_modified_time":"2022-08-17T10:03:20+00:00","og_image":[{"width":1300,"height":800,"url":"https:\/\/barnatango.com\/wp-content\/uploads\/2022\/03\/puertas-abiertas-28-setiembre.jpg","type":"image\/jpeg"}],"author":"El Desbande","twitter_card":"summary_large_image","twitter_misc":{"Escrit per":"El Desbande","Temps estimat de lectura":"2 minuts"},"schema":{"@context":"https:\/\/schema.org","@graph":[{"@type":"Article","@id":"https:\/\/barnatango.com\/puertas-abiertas-clase-nivel-0\/#article","isPartOf":{"@id":"https:\/\/barnatango.com\/puertas-abiertas-clase-nivel-0\/"},"author":{"name":"El Desbande","@id":"https:\/\/barnatango.com\/#\/schema\/person\/d0d5da38accb7bada62c6e013b869698"},"headline":"Jornada de puertas abiertas \u2013 clase gratuita nivel 0","datePublished":"2022-03-08T10:55:04+00:00","dateModified":"2022-08-17T10:03:20+00:00","mainEntityOfPage":{"@id":"https:\/\/barnatango.com\/puertas-abiertas-clase-nivel-0\/"},"wordCount":399,"publisher":{"@id":"https:\/\/barnatango.com\/#organization"},"image":{"@id":"https:\/\/barnatango.com\/puertas-abiertas-clase-nivel-0\/#primaryimage"},"thumbnailUrl":"https:\/\/barnatango.com\/wp-content\/uploads\/2022\/03\/puertas-abiertas-28-setiembre.jpg","articleSection":["Actualidad"],"inLanguage":"ca"},{"@type":"WebPage","@id":"https:\/\/barnatango.com\/puertas-abiertas-clase-nivel-0\/","url":"https:\/\/barnatango.com\/puertas-abiertas-clase-nivel-0\/","name":"Jornada de puertas abiertas \u2013 clase gratuita nivel 0 - Barnatango.com","isPartOf":{"@id":"https:\/\/barnatango.com\/#website"},"primaryImageOfPage":{"@id":"https:\/\/barnatango.com\/puertas-abiertas-clase-nivel-0\/#primaryimage"},"image":{"@id":"https:\/\/barnatango.com\/puertas-abiertas-clase-nivel-0\/#primaryimage"},"thumbnailUrl":"https:\/\/barnatango.com\/wp-content\/uploads\/2022\/03\/puertas-abiertas-28-setiembre.jpg","datePublished":"2022-03-08T10:55:04+00:00","dateModified":"2022-08-17T10:03:20+00:00","breadcrumb":{"@id":"https:\/\/barnatango.com\/puertas-abiertas-clase-nivel-0\/#breadcrumb"},"inLanguage":"ca","potentialAction":[{"@type":"ReadAction","target":["https:\/\/barnatango.com\/puertas-abiertas-clase-nivel-0\/"]}]},{"@type":"ImageObject","inLanguage":"ca","@id":"https:\/\/barnatango.com\/puertas-abiertas-clase-nivel-0\/#primaryimage","url":"https:\/\/barnatango.com\/wp-content\/uploads\/2022\/03\/puertas-abiertas-28-setiembre.jpg","contentUrl":"https:\/\/barnatango.com\/wp-content\/uploads\/2022\/03\/puertas-abiertas-28-setiembre.jpg","width":1300,"height":800},{"@type":"BreadcrumbList","@id":"https:\/\/barnatango.com\/puertas-abiertas-clase-nivel-0\/#breadcrumb","itemListElement":[{"@type":"ListItem","position":1,"name":"Inicio","item":"https:\/\/barnatango.com\/"},{"@type":"ListItem","position":2,"name":"Actualidad","item":"https:\/\/barnatango.com\/actualidad\/"},{"@type":"ListItem","position":3,"name":"Jornada de puertas abiertas \u2013 clase gratuita nivel 0"}]},{"@type":"WebSite","@id":"https:\/\/barnatango.com\/#website","url":"https:\/\/barnatango.com\/","name":"Barnatango.com","description":"Classes de Tango a Barcelona","publisher":{"@id":"https:\/\/barnatango.com\/#organization"},"potentialAction":[{"@type":"SearchAction","target":{"@type":"EntryPoint","urlTemplate":"https:\/\/barnatango.com\/?s={search_term_string}"},"query-input":{"@type":"PropertyValueSpecification","valueRequired":true,"valueName":"search_term_string"}}],"inLanguage":"ca"},{"@type":"Organization","@id":"https:\/\/barnatango.com\/#organization","name":"El Desbande Escuela de Tango","url":"https:\/\/barnatango.com\/","logo":{"@type":"ImageObject","inLanguage":"ca","@id":"https:\/\/barnatango.com\/#\/schema\/logo\/image\/","url":"https:\/\/barnatango.com\/wp-content\/uploads\/2020\/04\/eldesbande_vred.png","contentUrl":"https:\/\/barnatango.com\/wp-content\/uploads\/2020\/04\/eldesbande_vred.png","width":156,"height":149,"caption":"El Desbande Escuela de Tango"},"image":{"@id":"https:\/\/barnatango.com\/#\/schema\/logo\/image\/"},"sameAs":["https:\/\/es-es.facebook.com\/escuela.tango.el.desbande\/","https:\/\/www.instagram.com\/tangodesbande\/?hl=es","https:\/\/www.youtube.com\/watch?v=DqMQpDEmSVs&amp;amp;amp;amp;t=7s"]},{"@type":"Person","@id":"https:\/\/barnatango.com\/#\/schema\/person\/d0d5da38accb7bada62c6e013b869698","name":"el desbande","image":{"@type":"ImageObject","inLanguage":"ca","@id":"https:\/\/barnatango.com\/#\/schema\/person\/image\/","url":"https:\/\/secure.gravatar.com\/avatar\/9621b54b39bf1d7fc02cd4c8b30e2df2?s=96&d=mm&r=g","contentUrl":"https:\/\/secure.gravatar.com\/avatar\/9621b54b39bf1d7fc02cd4c8b30e2df2?s=96&d=mm&r=g","caption":"El Desbande"},"description":"Director de la Escuela"}]}},"_links":{"self":[{"href":"https:\/\/barnatango.com\/ca\/wp-json\/wp\/v2\/posts\/5569"}],"collection":[{"href":"https:\/\/barnatango.com\/ca\/wp-json\/wp\/v2\/posts"}],"about":[{"href":"https:\/\/barnatango.com\/ca\/wp-json\/wp\/v2\/types\/post"}],"author":[{"embeddable":true,"href":"https:\/\/barnatango.com\/ca\/wp-json\/wp\/v2\/users\/3"}],"replies":[{"embeddable":true,"href":"https:\/\/barnatango.com\/ca\/wp-json\/wp\/v2\/comments?post=5569"}],"version-history":[{"count":0,"href":"https:\/\/barnatango.com\/ca\/wp-json\/wp\/v2\/posts\/5569\/revisions"}],"wp:featuredmedia":[{"embeddable":true,"href":"https:\/\/barnatango.com\/ca\/wp-json\/wp\/v2\/media\/5681"}],"wp:attachment":[{"href":"https:\/\/barnatango.com\/ca\/wp-json\/wp\/v2\/media?parent=5569"}],"wp:term":[{"taxonomy":"category","embeddable":true,"href":"https:\/\/barnatango.com\/ca\/wp-json\/wp\/v2\/categories?post=5569"},{"taxonomy":"post_tag","embeddable":true,"href":"https:\/\/barnatango.com\/ca\/wp-json\/wp\/v2\/tags?post=5569"}],"curies":[{"name":"wp","href":"https:\/\/api.w.org\/{rel}","templated":true}]}}