{"id":7191,"date":"2025-06-04T12:36:37","date_gmt":"2025-06-04T10:36:37","guid":{"rendered":"https:\/\/barnatango.com\/?p=7191"},"modified":"2025-06-04T12:37:42","modified_gmt":"2025-06-04T10:37:42","slug":"verano-2025","status":"publish","type":"post","link":"https:\/\/barnatango.com\/en\/verano-2025\/","title":{"rendered":"Verano 2025"},"content":{"rendered":"<div class=\"vc_row wpb_row vc_row-fluid\"><div class=\"wpb_column vc_column_container vc_col-sm-6\"><div class=\"vc_column-inner\"><div class=\"wpb_wrapper\"><div class=\"vc_btn3-container vc_btn3-center\" ><a class=\"vc_general vc_btn3 vc_btn3-size-lg vc_btn3-shape-rounded vc_btn3-style-flat vc_btn3-block vc_btn3-icon-left vc_btn3-color-green\" href=\"https:\/\/api.whatsapp.com\/send?phone=34635803375\" title=\"\"><i class=\"vc_btn3-icon fab fa-whatsapp\"><\/i> contact us<\/a><\/div><\/div><\/div><\/div><div class=\"wpb_column vc_column_container vc_col-sm-6\"><div class=\"vc_column-inner\"><div class=\"wpb_wrapper\"><div class=\"vc_btn3-container vc_btn3-center\" ><a class=\"vc_general vc_btn3 vc_btn3-size-lg vc_btn3-shape-rounded vc_btn3-style-flat vc_btn3-block vc_btn3-icon-left vc_btn3-color-grey\" href=\"tel:635803375\" title=\"call\"><i class=\"vc_btn3-icon fas fa-phone-alt\"><\/i> To call<\/a><\/div><\/div><\/div><\/div><\/div><div class=\"vc_row wpb_row vc_row-fluid\"><\/div><div class=\"wpb_column vc_column_container vc_col-sm-12\"><div class=\"vc_column-inner\"><div class=\"wpb_wrapper\"><\/div><\/div><\/div>\r\n\t<div class=\"wpb_text_column wpb_content_element  wpb_animate_when_almost_visible wpb_fadeIn fadeIn\" >\r\n\t\t<div class=\"wpb_wrapper\">\r\n\t\t\t\r\n\t\t<\/div>\r\n\t<\/div>\r\n<strong>\u00a0<\/strong><\/p>\n<p><b>\u00a0<\/b><\/p>\n<p><span style=\"font-weight: 400;\">Como cada a\u00f1o, adaptamos nuestra oferta de clases de tango a las condiciones veraniegas, para que pod\u00e1is disfrutar de vuestro tiempo libre incluyendo el tango en vuestras actividades. Este a\u00f1o seguiremos con clases de 1,15h, tem\u00e1ticas. En principio programaremos el mes de julio y Septiembre, Agosto\u00a0 quedar\u00e1 en espera de ver cu\u00e1ntos interesados hay por continuar,\u00a0 y ya en octubre 2025 retomaremos los cursos trimestrales.<\/p>\n<p><\/span><\/p>\n<p><b>\u00a0<\/b><a href=\"https:\/\/barnatango.com\/en\/puertas-abiertas\/\"><b>Clase de prueba nivel 0 jueves 26 de Junio \u00a0<\/b><\/a><b>\u00a0Inf\u00f3rmate antes<\/b><\/p>\n<p>&nbsp;<\/p>\n<p><b>Verano 2025<\/b><\/p>\n<p><b>Nivel O<\/b><\/p>\n<p><span style=\"font-weight: 400;\">In July we will have several Level 0 schedules,\u00a0<\/span><b>lunes\u00a0 20.15 a 21.45, mi\u00e9rcoles 20.30 a 21.45h\u00a0 y jueves de 20 a 21.30h,<\/b><span style=\"font-weight: 400;\">\u00a0donde de forma amena y relajada te invitaremos a conocer los principios b\u00e1sicos del tango, te motivaremos para que los pongas en pr\u00e1ctica y te hablaremos de algunas de las particularidades que debes conocer para empezar a bailar este fascinante, apasionado y sensual baile. Valoraremos la continuaci\u00f3n\u00a0 en Agosto y Septiembre, dependiendo de la cantidad de interesados y con seguridad continuaremos con clases regulares a partir de\u00a0<\/span><b>Octubre 2025<\/b><\/p>\n<p><span style=\"font-weight: 400;\">The ones who will guide you on this exciting tour will be the dancers and teachers\u00a0<\/span><a href=\"https:\/\/barnatango.com\/en\/sobre-nosotros\/profesores-tango-en-barcelona\/\"><b>\u00a0JeKaterina y Carlos Baruque\u00a0\u00a0<\/b><\/a><\/p>\n<p><span style=\"font-weight: 400;\">You will learn the basic step, the fundamentals of the hug, eights and pivots and some simple figure.<\/span><\/p>\n<p><b>Lunes 20:15h a 20:30h , del\u00a0 7 al 4 de Agosto 5 clases<\/b><\/p>\n<p><b>Mi\u00e9rcoles 20.30 a 21.45\u00a0 del 3 al 21 de Julio 5 clases<\/b><\/p>\n<p><b>Jueves 20:00h a 21:30h,\u00a0 del 3 de Julio al 31 de Julio 5 clases\u00a0<\/b><\/p>\n<p><span style=\"font-weight: 400;\">1 d\u00eda a la semana Precio 75\u20ac, por pareja 125\u20ac<\/span><\/p>\n<p><span style=\"font-weight: 400;\">2 d\u00edas a la semana Precio 130\u20ac, por pareja 250\u20ac<\/span><\/p>\n<p><span style=\"font-weight: 400;\">* las clases perdidas se pueden recuperar<\/span><\/p>\n<p><span style=\"font-weight: 400;\">\u00a0<\/span><\/p>\n<p><a href=\"https:\/\/barnatango.com\/en\/puertas-abiertas\/\"><b>Clase de prueba jueves 26 de Junio \u00a0<\/b><\/a><b> Inf\u00f3rmate antes<\/b><\/p>\n<p><b>Otros intensivos y cursos de verano de tango 2025<\/b><\/p>\n<p>&nbsp;<\/p>\n<p><b>Del 7 Julio, al 4 de agosto<\/b><\/p>\n<p><b>The milonga<\/b><span style=\"font-weight: 400;\">\u00a0it is the basis of tango, although we began to study and practice it once we have the basics of tango, since its rhythm is faster than tango. Disdain, irreverence and sharpness are the general characteristics of his lyrics, always sung in the most genuine\u00a0<\/span><i><span style=\"font-weight: 400;\">slang<\/span><\/i><span style=\"font-weight: 400;\">. At the dance level, more grounded, more on axis, faster, and a lighter embrace. We always say that you don&#039;t finish dancing the tango completely, until you learn to dance the milonga.<\/span><\/p>\n<p><b>The crossed Waltz or Creole Waltz<\/b><span style=\"font-weight: 400;\">, is tango interpreted and danced to the rhythm of a 3\u00d74 waltz, in terms of its lyrics and sound it is more romantic than tango. The characteristics of his dance are the chains, the turns and the absence of pauses, mainly. It is said that when tango traveled to Europe for the first time, it was the waltz that influenced the form of the embrace of the current tango, it also provided circulation on the dance floor.<\/span><\/p>\n<p><b>Del 7 Julio, al 4 de agosto<\/b><\/p>\n<p><b>Milonga and Waltz level 1 (N1 and 2)<\/b><\/p>\n<p><span style=\"font-weight: 400;\">Lunes de 19,00h a 20.15h, 5<\/span><b>\u00a0clases con Olga, 60\u20ac x persona\u00a0<\/b><\/p>\n<p>&nbsp;<\/p>\n<p><b>Orchestras and musicality<\/b><\/p>\n<p><b>Orchestras, in July\u00a0<\/b><span style=\"font-weight: 400;\">\u00a0propondremos un trabajo de conocimiento, an\u00e1lisis e interpretaci\u00f3n\u00a0\u00a0de\u00a0 algunas de las m\u00e1s\u00a0 importantes orquestas de tango<\/span><i><span style=\"font-weight: 400;\">,\u00a0<\/span><\/i><span style=\"font-weight: 400;\">facilitaremos herramientas para la comprensi\u00f3n de las m\u00fasicas, analiz\u00e1ndolas de manera amena, sencilla y divertida, para conseguir por parte del alumno una buena interpretaci\u00f3n que ayude a disfrutar del tango bailado.<\/span><\/p>\n<p><b>Orchestras and musicality<\/b><\/p>\n<p><b>Bailar las orquestas Nivel medio (2-3 de tango)<\/b><\/p>\n<p><span style=\"font-weight: 400;\">Mi\u00e9rcoles de\u00a0 19.15 a 20.30, 5<\/span><b>\u00a0clases con Carlos y Olga<\/b><span style=\"font-weight: 400;\">,\u00a0<\/span><b>60\u20ac x persona<\/b><\/p>\n<p>&nbsp;<\/p>\n<p><b>Level 1-2 Circular on the track\u00a0<\/b><\/p>\n<p><b>Circular en la pista,\u00a0<\/b><i><span style=\"font-weight: 400;\">Bailen todos, compa\u00f1eros, porque el baile es un abrazo: Bailen todos, compa\u00f1eros, que este tango lleva el paso<\/span><\/i><span style=\"font-weight: 400;\">. En estos versos del tango\u00a0<\/span><i><span style=\"font-weight: 400;\">Pa\u00b4que<\/span><\/i><span style=\"font-weight: 400;\">\u00a0<em>bailen los muchachos<\/em> del gran compositor\u00a0<\/span><i><span style=\"font-weight: 400;\">Enrique Cad\u00edcamo, <\/span><\/i><span style=\"font-weight: 400;\">se resume la esencia del tango social, no solo bailas con tu pareja, bailas con toda la pista, lograr entender y sentir esto es un disfrute supremo. Nosotros lo fomentamos ya en las\u00a0<\/span><a href=\"https:\/\/barnatango.com\/en\/proximo-trimestre-invierno-2022\/\"><span style=\"font-weight: 400;\">clases regulares<\/span><\/a><span style=\"font-weight: 400;\">, tambi\u00e9n en nuestras\u00a0<\/span><a href=\"https:\/\/barnatango.com\/en\/olvidas-lo-que-aprendes-en-clase\/\"><span style=\"font-weight: 400;\">pr\u00e1cticas<\/span><\/a><span style=\"font-weight: 400;\">, en nuestras\u00a0<\/span><a href=\"https:\/\/barnatango.com\/en\/milonga-todos-los-viernes\/\"><span style=\"font-weight: 400;\">milongas<\/span><\/a><span style=\"font-weight: 400;\"> y vamos a profundizar y divertirnos en estos cursos de verano.<\/span><\/p>\n<p><b>Level 1-2 Circular on the track\u00a0<\/b><\/p>\n<p><span style=\"font-weight: 400;\">Martes de 19 a 21,30h 5\u00a0<\/span><b>clases con Carlos<\/b><span style=\"font-weight: 400;\">, 6<\/span><b>0\u20ac x persona<\/b><\/p>\n<p><span style=\"font-weight: 400;\">Viernes de 20.30h a 21,45h 5<\/span><b>\u00a0clases con Olga<\/b><span style=\"font-weight: 400;\">, 6<\/span><b>0\u20ac x persona<\/b><\/p>\n<p><span style=\"font-weight: 400;\">\u00a0<\/span><\/p>\n<p><b>Interpretaci\u00f3n fraseo y musicalidad\u00a0<\/b><\/p>\n<p><b>Interpretaci\u00f3n, fraseo y musicalidad<\/b><span style=\"font-weight: 400;\">, \u00a1qu\u00e9 maravilla es el tango!, que cantidad de opciones tenemos parta interpretar su gran variedad de colores, texturas y tonos musicales. En estos cursos te vamos a ayudar a profundizar en tu escucha del tango, c\u00f3mo interpretarla de modo personal, e invitando a tu partenaire que lo comparta contigo<\/span><\/p>\n<p><b>Interpretaci\u00f3n fraseo y musicalidad\u00a0<\/b><\/p>\n<p><span style=\"font-weight: 400;\">Martes de\u00a0 20.15 a 21.45, 5<\/span><b>\u00a0clases con Carlos y Olga<\/b><span style=\"font-weight: 400;\">,\u00a0<\/span><b>60\u20ac x persona<\/b><\/p>\n<p>&nbsp;<\/p>\n<p><b>Continuaci\u00f3n Nivel 1<\/b><\/p>\n<p><span style=\"font-weight: 400;\">Mi\u00e9rcoles 18h a 19,15h, 5\u00a0<\/span><b>clases con Olga, 60\u20ac por persona\u00a0<\/b><\/p>\n<p><span style=\"font-weight: 400;\">10% descuento dos cursos<\/span><\/p>\n<p><span style=\"font-weight: 400;\">25%\u00a0 descuento tres cursos<\/span><\/p>","protected":false},"excerpt":{"rendered":"<p>\u00a0 \u00a0 Como cada a\u00f1o, adaptamos nuestra oferta de clases de tango a las condiciones veraniegas, para que pod\u00e1is disfrutar de vuestro tiempo libre incluyendo el tango en vuestras actividades. Este a\u00f1o seguiremos con clases de 1,15h, tem\u00e1ticas. En principio programaremos el mes de julio y Septiembre, Agosto\u00a0 quedar\u00e1 en espera de ver cu\u00e1ntos interesados &#8230; <a title=\"Verano 2025\" class=\"read-more\" href=\"https:\/\/barnatango.com\/en\/verano-2025\/\" aria-label=\"More on Verano 2025\">Read more<\/a><\/p>","protected":false},"author":8,"featured_media":7192,"comment_status":"closed","ping_status":"closed","sticky":false,"template":"","format":"standard","meta":{"_editorskit_title_hidden":false,"_editorskit_reading_time":0,"_editorskit_is_block_options_detached":false,"_editorskit_block_options_position":"{}","footnotes":""},"categories":[258],"tags":[],"acf":[],"yoast_head":"<!-- This site is optimized with the Yoast SEO plugin v23.4 - https:\/\/yoast.com\/wordpress\/plugins\/seo\/ -->\n<title>Verano 2025 - Barnatango.com<\/title>\n<meta name=\"robots\" content=\"index, follow, max-snippet:-1, max-image-preview:large, max-video-preview:-1\" \/>\n<link rel=\"canonical\" href=\"https:\/\/barnatango.com\/en\/verano-2025\/\" \/>\n<meta property=\"og:locale\" content=\"en_US\" \/>\n<meta property=\"og:type\" content=\"article\" \/>\n<meta property=\"og:title\" content=\"Verano 2025 - Barnatango.com\" \/>\n<meta property=\"og:description\" content=\"\u00a0 \u00a0 Como cada a\u00f1o, adaptamos nuestra oferta de clases de tango a las condiciones veraniegas, para que pod\u00e1is disfrutar de vuestro tiempo libre incluyendo el tango en vuestras actividades. Este a\u00f1o seguiremos con clases de 1,15h, tem\u00e1ticas. En principio programaremos el mes de julio y Septiembre, Agosto\u00a0 quedar\u00e1 en espera de ver cu\u00e1ntos interesados ... Read more\" \/>\n<meta property=\"og:url\" content=\"https:\/\/barnatango.com\/en\/verano-2025\/\" \/>\n<meta property=\"og:site_name\" content=\"Barnatango.com\" \/>\n<meta property=\"article:publisher\" content=\"https:\/\/es-es.facebook.com\/escuela.tango.el.desbande\/\" \/>\n<meta property=\"article:published_time\" content=\"2025-06-04T10:36:37+00:00\" \/>\n<meta property=\"article:modified_time\" content=\"2025-06-04T10:37:42+00:00\" \/>\n<meta property=\"og:image\" content=\"http:\/\/barnatango.com\/wp-content\/uploads\/2025\/06\/Portada-verano-2025-web.jpg\" \/>\n\t<meta property=\"og:image:width\" content=\"1330\" \/>\n\t<meta property=\"og:image:height\" content=\"739\" \/>\n\t<meta property=\"og:image:type\" content=\"image\/jpeg\" \/>\n<meta name=\"author\" content=\"Sil Cisnero\" \/>\n<meta name=\"twitter:card\" content=\"summary_large_image\" \/>\n<meta name=\"twitter:label1\" content=\"Written by\" \/>\n\t<meta name=\"twitter:data1\" content=\"Sil Cisnero\" \/>\n\t<meta name=\"twitter:label2\" content=\"Est. reading time\" \/>\n\t<meta name=\"twitter:data2\" content=\"4 minutes\" \/>\n<!-- \/ Yoast SEO plugin. -->","yoast_head_json":{"title":"Verano 2025 - Barnatango.com","robots":{"index":"index","follow":"follow","max-snippet":"max-snippet:-1","max-image-preview":"max-image-preview:large","max-video-preview":"max-video-preview:-1"},"canonical":"https:\/\/barnatango.com\/en\/verano-2025\/","og_locale":"en_US","og_type":"article","og_title":"Verano 2025 - Barnatango.com","og_description":"\u00a0 \u00a0 Como cada a\u00f1o, adaptamos nuestra oferta de clases de tango a las condiciones veraniegas, para que pod\u00e1is disfrutar de vuestro tiempo libre incluyendo el tango en vuestras actividades. Este a\u00f1o seguiremos con clases de 1,15h, tem\u00e1ticas. En principio programaremos el mes de julio y Septiembre, Agosto\u00a0 quedar\u00e1 en espera de ver cu\u00e1ntos interesados ... Read more","og_url":"https:\/\/barnatango.com\/en\/verano-2025\/","og_site_name":"Barnatango.com","article_publisher":"https:\/\/es-es.facebook.com\/escuela.tango.el.desbande\/","article_published_time":"2025-06-04T10:36:37+00:00","article_modified_time":"2025-06-04T10:37:42+00:00","og_image":[{"width":1330,"height":739,"url":"http:\/\/barnatango.com\/wp-content\/uploads\/2025\/06\/Portada-verano-2025-web.jpg","type":"image\/jpeg"}],"author":"Sil Cisnero","twitter_card":"summary_large_image","twitter_misc":{"Written by":"Sil Cisnero","Est. reading time":"4 minutes"},"schema":{"@context":"https:\/\/schema.org","@graph":[{"@type":"Article","@id":"https:\/\/barnatango.com\/verano-2025\/#article","isPartOf":{"@id":"https:\/\/barnatango.com\/verano-2025\/"},"author":{"name":"Sil Cisnero","@id":"https:\/\/barnatango.com\/#\/schema\/person\/e3814528be5dd27e10171825845fac1e"},"headline":"Verano 2025","datePublished":"2025-06-04T10:36:37+00:00","dateModified":"2025-06-04T10:37:42+00:00","mainEntityOfPage":{"@id":"https:\/\/barnatango.com\/verano-2025\/"},"wordCount":919,"publisher":{"@id":"https:\/\/barnatango.com\/#organization"},"image":{"@id":"https:\/\/barnatango.com\/verano-2025\/#primaryimage"},"thumbnailUrl":"https:\/\/barnatango.com\/wp-content\/uploads\/2025\/06\/Portada-verano-2025-web.jpg","articleSection":["Clases de Tango en Barcelona"],"inLanguage":"en-US"},{"@type":"WebPage","@id":"https:\/\/barnatango.com\/verano-2025\/","url":"https:\/\/barnatango.com\/verano-2025\/","name":"Verano 2025 - Barnatango.com","isPartOf":{"@id":"https:\/\/barnatango.com\/#website"},"primaryImageOfPage":{"@id":"https:\/\/barnatango.com\/verano-2025\/#primaryimage"},"image":{"@id":"https:\/\/barnatango.com\/verano-2025\/#primaryimage"},"thumbnailUrl":"https:\/\/barnatango.com\/wp-content\/uploads\/2025\/06\/Portada-verano-2025-web.jpg","datePublished":"2025-06-04T10:36:37+00:00","dateModified":"2025-06-04T10:37:42+00:00","breadcrumb":{"@id":"https:\/\/barnatango.com\/verano-2025\/#breadcrumb"},"inLanguage":"en-US","potentialAction":[{"@type":"ReadAction","target":["https:\/\/barnatango.com\/verano-2025\/"]}]},{"@type":"ImageObject","inLanguage":"en-US","@id":"https:\/\/barnatango.com\/verano-2025\/#primaryimage","url":"https:\/\/barnatango.com\/wp-content\/uploads\/2025\/06\/Portada-verano-2025-web.jpg","contentUrl":"https:\/\/barnatango.com\/wp-content\/uploads\/2025\/06\/Portada-verano-2025-web.jpg","width":1330,"height":739},{"@type":"BreadcrumbList","@id":"https:\/\/barnatango.com\/verano-2025\/#breadcrumb","itemListElement":[{"@type":"ListItem","position":1,"name":"Inicio","item":"https:\/\/barnatango.com\/"},{"@type":"ListItem","position":2,"name":"Clases de Tango en Barcelona","item":"https:\/\/barnatango.com\/clases-de-tango\/"},{"@type":"ListItem","position":3,"name":"Verano 2025"}]},{"@type":"WebSite","@id":"https:\/\/barnatango.com\/#website","url":"https:\/\/barnatango.com\/","name":"Barnatango.com","description":"Tango classes in Barcelona","publisher":{"@id":"https:\/\/barnatango.com\/#organization"},"potentialAction":[{"@type":"SearchAction","target":{"@type":"EntryPoint","urlTemplate":"https:\/\/barnatango.com\/?s={search_term_string}"},"query-input":{"@type":"PropertyValueSpecification","valueRequired":true,"valueName":"search_term_string"}}],"inLanguage":"en-US"},{"@type":"Organization","@id":"https:\/\/barnatango.com\/#organization","name":"El Desbande Escuela de Tango","url":"https:\/\/barnatango.com\/","logo":{"@type":"ImageObject","inLanguage":"en-US","@id":"https:\/\/barnatango.com\/#\/schema\/logo\/image\/","url":"https:\/\/barnatango.com\/wp-content\/uploads\/2020\/04\/eldesbande_vred.png","contentUrl":"https:\/\/barnatango.com\/wp-content\/uploads\/2020\/04\/eldesbande_vred.png","width":156,"height":149,"caption":"El Desbande Escuela de Tango"},"image":{"@id":"https:\/\/barnatango.com\/#\/schema\/logo\/image\/"},"sameAs":["https:\/\/es-es.facebook.com\/escuela.tango.el.desbande\/","https:\/\/www.instagram.com\/tangodesbande\/?hl=es","https:\/\/www.youtube.com\/watch?v=DqMQpDEmSVs&amp;amp;amp;amp;t=7s"]},{"@type":"Person","@id":"https:\/\/barnatango.com\/#\/schema\/person\/e3814528be5dd27e10171825845fac1e","name":"Sil Cisnero","image":{"@type":"ImageObject","inLanguage":"en-US","@id":"https:\/\/barnatango.com\/#\/schema\/person\/image\/","url":"https:\/\/secure.gravatar.com\/avatar\/cee6e01c897fe0e8797603b70d2a7eb5?s=96&d=mm&r=g","contentUrl":"https:\/\/secure.gravatar.com\/avatar\/cee6e01c897fe0e8797603b70d2a7eb5?s=96&d=mm&r=g","caption":"Sil Cisnero"}}]}},"_links":{"self":[{"href":"https:\/\/barnatango.com\/en\/wp-json\/wp\/v2\/posts\/7191"}],"collection":[{"href":"https:\/\/barnatango.com\/en\/wp-json\/wp\/v2\/posts"}],"about":[{"href":"https:\/\/barnatango.com\/en\/wp-json\/wp\/v2\/types\/post"}],"author":[{"embeddable":true,"href":"https:\/\/barnatango.com\/en\/wp-json\/wp\/v2\/users\/8"}],"replies":[{"embeddable":true,"href":"https:\/\/barnatango.com\/en\/wp-json\/wp\/v2\/comments?post=7191"}],"version-history":[{"count":0,"href":"https:\/\/barnatango.com\/en\/wp-json\/wp\/v2\/posts\/7191\/revisions"}],"wp:featuredmedia":[{"embeddable":true,"href":"https:\/\/barnatango.com\/en\/wp-json\/wp\/v2\/media\/7192"}],"wp:attachment":[{"href":"https:\/\/barnatango.com\/en\/wp-json\/wp\/v2\/media?parent=7191"}],"wp:term":[{"taxonomy":"category","embeddable":true,"href":"https:\/\/barnatango.com\/en\/wp-json\/wp\/v2\/categories?post=7191"},{"taxonomy":"post_tag","embeddable":true,"href":"https:\/\/barnatango.com\/en\/wp-json\/wp\/v2\/tags?post=7191"}],"curies":[{"name":"wp","href":"https:\/\/api.w.org\/{rel}","templated":true}]}}